{"id":152,"date":"2025-02-17T21:25:43","date_gmt":"2025-02-17T21:25:43","guid":{"rendered":"https:\/\/frontrose.gay\/?p=152"},"modified":"2025-06-10T15:55:06","modified_gmt":"2025-06-10T15:55:06","slug":"poilievre-le-fascisme-et-nous","status":"publish","type":"post","link":"https:\/\/frontrose.gay\/en\/poilievre-le-fascisme-et-nous\/","title":{"rendered":"Poili\u00e8vre, Fascism, and Us."},"content":{"rendered":"<p><em>By <a href=\"https:\/\/frontrose.gay\/en\/author\/louve-rose\/\">Louve Rose<\/a><\/em><br><br>An accelerated ecocide, shameless colonialism, attacks on trans communities, the strengthening of borders and of the police state on a backdrop of rising fascism: the upcoming election heralds the start of a new era in Canadian politics.<\/p>\n\n\n\n<p>Everyone suspected what\u2019s now been confirmed: Prime Minister Justin Trudeau has announced his resignation, and an election is expected to be held this spring. The outcome of these elections has been guaranteed since last year. The Liberals, after a decade of neo-liberal governance veiled in progressivism but marked by a hardening of its reactionary tendencies (on Palestine, the police, aboriginal issues, etc.), have exhausted all the sympathy earned by Trudeau's false promises.&nbsp;<\/p>\n\n\n\n<p>The NDP, incapable of incarnating a real leftist option within federal politics, has become an empty shell indistinguishable, almost, from the Liberals. This political climate, accompanied by a media rabble-rousing over conservative themes (immigration, insecurity, Islamophobia, transphobia, \u201cwokism\u201d) and reactionary rhetoric, has set the stage for a surely crushing Conservative. This at a time when the Conservative Party of Canada (CPC) is holding the most right-wing and populist positions in its recent history.&nbsp;<\/p>\n\n\n\n<p>In other words\u00a0: the hour is grave as we take another step in our march towards fashism.<br><br>Here, let us try to take stock of the situation from a Queer Revolutionary militant perspective and reflect on the response this political moment demands of us.<\/p>\n\n\n\n<h2 class=\"wp-block-heading\"><br>Where we stand.<\/h2>\n\n\n\n<p>The Liberals are not\u2014and never have been\u2014the friends of neither the oppressed, the Left or the proletarian classes. On the contrary, they represent the interests of a section of the ruling classes, of the urban, coastal and liberal bourgeoisie, of the business world, of high-tech and international trade, and more broadly that of the so-called \u201cprogressive\u201d Canadian elites whose only progressive interests are their material interests in living in a peaceful society. That said, Canadian politics tends to be extremely appeased, and despite all the Trudeau government's shortcomings (on Palestine, pipeline projects, treatment of aboriginal peoples, and its generally capitalist governance), its nine-year reign has been characterized by an effort to maintain Canadian social peace.&nbsp;<\/p>\n\n\n\n<p>A Poili\u00e8vre election has the potential to have the effect in Canada that Trump's 2016 election had in the United States. The far right is present in provincial governments, the media, the business bourgeoisie, in street movements and is soon to be at the helm of the Canadian government. This reinforced and structurally unopposed far right represents a major threat to all marginalized communities, to social movements, to the poor, and to the social safety net (the meagre vestiges of the Canadian social-democratic project). We can expect to see the family, police, capitalist and racist social orders reinforced not only on the governmental levels, but also in the private, professional and cultural spheres of Canadian society. Poili\u00e8vre, like Trump in the U.S., LePen in France, Orban in Hungary or Paul Saint-Pierre Plamondon (PSPP) in Quebec, is neither the cause nor the end of the fascization of society, but rather the crystallization of a profound trend that has been gaining momentum for two decades and threatens us daily. We therefore need to prepare ourselves for a fight that is far too broad to be summed up as simply as \u201copposing Poili\u00e8vre\u201d.<\/p>\n\n\n\n<p>Nevertheless, we must be aware of the nature of the project he is putting forward.<br><br>His program, once in power, implies:<\/p>\n\n\n\n<p>An attack on the rights of prisoners and a hardening of the police state.<\/p>\n\n\n\n<pre class=\"wp-block-code\"><code>\u201cStop the crime.\u201d This is one of the four priorities that Pierre Poilievre systematically sets out in the preamble to his press conferences. And how do we do that? By doing what no government in Ottawa has dared to do before: using the notwithstanding clause to tighten the parole system, reinstate mandatory minimum sentences and successive prison terms. Stephen Harper has failed on these issues.&nbsp;<\/code><\/pre>\n\n\n\n<p class=\"has-text-align-right\">&#8211; La Presse (1)<\/p>\n\n\n\n<h2 class=\"wp-block-heading\">An attack on access to health services.<\/h2>\n\n\n\n<p>Mais il entretient le flou quant \u00e0 l\u2019avenir du programme national de soins dentaires et du programme d\u2019assurance m\u00e9dicaments, soutenant que ces deux mesures n\u2019existent que sur le papier.<\/p>\n\n\n\n<pre class=\"wp-block-code\"><code>Yet he remains vague about the future of the national dental care program and the prescription drug insurance program, maintaining that these two measures exist solely on paper. \n\nHe also dismisses the idea of extending MAID to people suffering from dementia, as wishes the Quebec government. With regard to the opioid crisis and the use of other drugs, a Conservative government would devote its efforts to the treatment of addicts and scrap supervised use sites\u2014the solution put forth by Ottawa to prevent accidental overdoses and reduce the spread of infectious diseases such as HIV\/AIDS.&nbsp;<\/code><\/pre>\n\n\n\n<p class=\"has-text-align-right\">&#8211; La Presse (2)<\/p>\n\n\n\n<p>An abandonment of the few existing environmental protection measures, investment in false techno-capitalist solutions and an even stronger support of the oil industry.<\/p>\n\n\n\n<pre class=\"wp-block-code\"><code>For the time being, the Conservative climate change plan focuses on the development and adoption of new technologies to reduce greenhouse gas emissions. It remains to be seen whether Pierre Poilievre will adopt the Trudeau government's target of reducing GHG emissions by 40% to 45% by 2030, compared with 2005 levels. A Conservative government also promises a single environmental study for a natural resource development project in a province, and will do everything in its power to facilitate the construction of new pipelines.<\/code><\/pre>\n\n\n\n<p class=\"has-text-align-right\">&#8211; La Presse (3)<\/p>\n\n\n\n<pre class=\"wp-block-code\"><code>\u201cWe can sell something at a 200% or 300% higher price in Europe if we export overseas instead of giving all our gas to the Americans and letting them have all the profit. It's ridiculous, what we're doing,\u201d he said at the start of an interview on Saturday morning. \n\n[...]\n\n\u201cWe should be picking up production here. I'm going to give the green light to LNG [Liquefied Natural Gas] projects here in Quebec and across Canada, and I'm going to try to convince the Quebec government too,\u201d he continued.<\/code><\/pre>\n\n\n\n<p class=\"has-text-align-right\">&#8211; Radio-Canada (4)<\/p>\n\n\n\n<p>A hardened support for the genocidal projects of the Zionist state, notably with a warlike discourse calling for the expansion of war and a bellicose attitude internationally.<\/p>\n\n\n\n<pre class=\"wp-block-code\"><code>Under Pierre Poilievre's leadership, we can expect a return to an unchanging bias in favor of the Hebrew state: abolition of financial aid to the UN agency for the Palestinians (UNRWA) and unconditional support for Israel within UN bodies. The opposition leader even went so far as to ask Israel to offer a \u201cgift to humanity\u201d by bombing Iranian nuclear sites. \n\n[...] \n\nFaced with China, hard lines are on the menu. \u201cIt has become obvious that we must oppose the Communist government in Beijing\u201d, declared Pierre Poilievre in June 2023, on the 34th anniversary of the Tiananmen Square massacre.&nbsp;<\/code><\/pre>\n\n\n\n<p class=\"has-text-align-right\">&#8211; La Presse (5)<\/p>\n\n\n\n<p>An attack on the most precarious migrants.<\/p>\n\n\n\n<pre class=\"wp-block-code\"><code>The Conservative position on immigration remained unclear for a long time after the arrival of Pierre Poilievre. But since the fall, he has added the immigration system to the list of things that have been \u201cbroken\u201d by Justin Trudeau. Conservative targets have not been defined, but on October 24, as the government announced a drop in permanent immigration targets, he said this at a press briefing in Toronto: \u201cWe will have a mathematical formula to ensure that population growth never exceeds the availability of jobs, housing and health care.\u201d\n \nThe leader, who wants to win back urban communities with a high proportion of newcomers lost to the Liberals in recent years, also hinted last August in an interview with Radio-Canada that he would \u201cmassively\u201d reduce the number of temporary immigrants, whose influx he says is \u201cout of control\u201d.&nbsp;<\/code><\/pre>\n\n\n\n<p class=\"has-text-align-right\">&#8211; La Presse (6)<\/p>\n\n\n\n<p>An attack on public media, small media funding, protections against hate speech and journalistic work.<\/p>\n\n\n\n<pre class=\"wp-block-code\"><code>At Conservative rallies, it's THE promise that always triggers a round of applause: cutting funding for the CBC.  \n[...]\n\nBills passed under the Liberals would fall by the wayside. This fate awaits C-11, the law on online broadcasting that grants too many powers to a \u201cwoke\u201d CRTC, according to Pierre Poilievre. Bill C-63 on online hate, if passed, would also be repealed. \n\nGone, too, would be tax credit assistance programs for print media. \u201cConservatives don't believe that Canadian taxpayers' money should go to media organizations,\u201d said the Conservative leader last February.&nbsp;<\/code><\/pre>\n\n\n\n<p class=\"has-text-align-right\">&#8211; La Presse (7)<\/p>\n\n\n\n<p>Even if this aspect is less assumed in his program, we can also expect an attack on union rights, workers' conditions, legal protections for French-speaking minorities (similar to Ford's governance in Ontario), an attack on aboriginal sovereignty and a possible reopening of the debate on abortion and other moral issues related to the family.\n\nOf course, we all know that a Conservative government will also represent a generalized attack on the rights of trans communities: legal discrimination, a cut in access to healthcare and an acceleration of the demonization underway.<br><br>\u00c9videmment, on sait tr\u00e8s bien qu&rsquo;un gouvernement conservateur va aussi repr\u00e9senter une attaque g\u00e9n\u00e9ralis\u00e9e sur les droits des communaut\u00e9s trans : une discrimination l\u00e9gale, une coupure dans l&rsquo;acc\u00e8s aux soins de sant\u00e9 et une acc\u00e9l\u00e9ration de la d\u00e9monisation en cours.<\/p>\n\n\n\n<pre class=\"wp-block-code\"><code>Conservative Leader Pierre Poilievre stepped into the debate over trans rights on Wednesday, saying \"biological males\" should be banned from women's sports, change rooms and bathrooms. \n\n\"Female spaces should be exclusively for females, not for biological males,\" Poilievre said in Kitchener, Ont. \n\nThe Conservative leader made the comments after being asked if, as prime minister, he would introduce legislation to prevent \"transgender women\" or \"biological men\" from participating in female sports or entering female prisons and shelters.  \n\n\"A lot of the spaces \u2026 are provincially and municipally controlled, so it is unclear ... what reach federal legislation would have to change them,\" Poilievre said. \n\n\"But obviously female sports, female change rooms, female bathrooms should be for females, not for biological males,\" he added.&nbsp;<\/code><\/pre>\n\n\n\n<p class=\"has-text-align-right\">&#8211; CBC (8)<\/p>\n\n\n\n<p>In fact, many Conservatives were among the transphobic demonstrators on September 20, 2023, helping to accelerate and amplify transphobic and eliminationist rhetoric. Since then, the party and its leader have supported the various measures to attack trans youth that have been put forward in several Canadian provinces.<\/p>\n\n\n\n<p>A Poili\u00e8vre regime certainly means a state of crisis for our trans and queer communities. The situation is all the more alarming if it coincides with transphobic premiers taking power at the provincial level (Danielle Smith and Paul Saint-Pierre Plamondon, in particular) and with a Trump administration even more radicalized on transphobia than at the end of its last term.<\/p>\n\n\n\n<p>We are the enemies on the interior<br><br>Resistance is not an option, it's a necessity.<br><br>The question then becomes: how?<\/p>\n\n\n\n<h2 class=\"wp-block-heading\">We need to build opposition in the streets.<\/h2>\n\n\n\n<p><br>If you've been following the mobilization efforts against the \u201cComit\u00e9 des sages,\u201d you'll be familiar with the rest of this text, as I want to put forward an idea that was at the heart of this campaign. We're under attack and we need to come together to resist. Not just within the trans community, but in a much broader alliance. Our communities, the queer and trans communities, but also activist communities, and more generally marginalized communities, are in no position to resist the fascist wave on their own, isolated as they are. It is necessary to face the reactionary threat collectively.<br><br>No party will save us. No institution stands between us and the violence of the state.  Fascism will not die, neutralized by state liberalism. We are the only hope we have of emerging from the next few years strengthened, or at least without having lost ground. It is the social movement1 in all its forms, branches, currents and silos that can hope to face the threat of a far-right government. The courage to act can be found in our strength in the streets and in our communities. We urgently need to start building alliances and form a broad front of struggle against the reactionary tide.<\/p>\n\n\n\n<pre class=\"wp-block-code\"><code>The government behind this committee is the same one attacking our healthcare and education systems. It\u2019s the same government that attacks tenants\u2019 rights. It\u2019s the same government that attacks the religious freedom of minorities and opposes all peace efforts in Palestine. <strong>Our aim is to make this struggle one of solidarity, and to create a common front against the authoritarian and reactionary policies of those in power!<\/strong> !\n\n<strong>We demand trans liberation.<\/strong>In doing so, we aim to build a world that welcomes diversity and defends the right to bodily autonomy. We also want to create a society that supports people in exploring and affirming their gender. We believe that freeing ourselves from the imposition of strict gender binary is beneficial for the whole population, cis and trans alike. <strong>We will continue to fight for a world that does not sow discomfort, unease, and hatred, but nurtures joy and euphoria.\u00a0<\/strong>&nbsp;\n\n<strong>Nous appelons \u00e0 un soul\u00e8vement contre la CAQ et son comit\u00e9 de soi-disant \u201csages\u201d.<\/strong> We call for a movement against the CAQ and its committee of so-called \u201cwisemen.\u201d We call for self-organization by all those who want to fight transphobia. We invite you to form affinity groups, mobilize your orgs, and create regional committees. <strong>Through a diversity of tactics, we will make this government roll back its plans and build a better future for all!<\/strong>&nbsp;<\/code><\/pre>\n\n\n\n<p class=\"has-text-align-right\">- Excerpt from Nous ne serons pas sages' call for mobilization.i<\/p>\n\n\n\n<p>One year later, it's still just as relevant to call for the formation of committees, self-organization and mobilization within organizations (unions, students, community groups, etc.). But we also need to organize intelligently, over the long term, building strong alliances and around revolutionary strategies.<br><br>The enemy is not a committee, a target or a bill, but a complete political regime, with its societal project. So we can't be satisfied with a little spontaneous convergence or momentary involvement. Opposing ourselves will require courage, ingenuity, seriousness and lots and lots of work. We'll also have to leave behind everything that has hindered and limited our mobilizations in recent years.<br><br>We won't win by advocating lobbying and consultation. We won't win through moralism or rhetoric, or by trying to please a so-called public opinion constructed by the media apparatus. We won't win by invoking the purity of our hearts or appeasement. We're going to have to fight and accept disturbing the order. We'll also have to make uncomfortable alliances and put ourselves on the line. We'll then see whether political bodies and organizations take risks, support mobilizations or try (in vain) to dissociate themselves from them.<br><br>We've come to the time of political commitment, of forming local committees, of rallying forces, of constantly attacking and expanding our struggles.\nWe've also come to the time of grassroots work, of reaching out to people, of organizing collectively to meet our needs without waiting for the support of an increasingly hostile state. We've come to the time of broad alliances, common fronts, assemblies, networks and compromises. Our friends are few in number, and we need to cultivate these relationships, without ever denying our organizational autonomy.<br><br><strong>We've come to the times of the street.<\/strong><\/p>\n\n\n\n<p><strong>We have come to the times of resistance.<\/strong><\/p>\n\n\n\n<p><strong>Courage comrades, the die is not cast and we can act on History.<\/strong><\/p>\n\n\n\n<p class=\"has-text-align-right\">Love and rage,<\/p>\n\n\n\n<p>(1) <a href=\"https:\/\/www.lapresse.ca\/actualites\/politique\/2025-01-06\/les-grandes-priorites-d-un-gouvernement-poilievre.php\">https:\/\/www.lapresse.ca\/actualites\/politique\/2025-01-06\/les-grandes-priorites-d-un-gouvernement-poilievre.php <\/a><br>(2) <em>Ibid.<\/em><br>(3) <em>Ibid.<\/em><br>(3) <a href=\"https:\/\/ici.radio-canada.ca\/nouvelle\/2132084\/gnl-quebec-parti-conservateur\">https:\/\/ici.radio-canada.ca\/nouvelle\/2132084\/gnl-quebec-parti-conservateur<\/a><br>(4)<a href=\"https:\/\/www.lapresse.ca\/actualites\/politique\/2025-01-06\/les-grandes-priorites-d-un-gouvernement-poilievre.php\"> https:\/\/www.lapresse.ca\/actualites\/politique\/2025-01-06\/les-grandes-priorites-d-un-gouvernement-poilievre.php <\/a><br>(5) <em>Ibid.<\/em><br>(6) <em>Ibid.<\/em><br>(7) <em>Ibid.<\/em><br>(8) <a href=\"https:\/\/www.cbc.ca\/news\/politics\/poilievre-ban-trans-women-sports-bathrooms-1.7120972\">https:\/\/www.cbc.ca\/news\/politics\/poilievre-ban-trans-women-sports-bathrooms-1.7120972<\/a><br>(9) <a href=\"https:\/\/pas-sages.info\/en\/appel\/\">https:\/\/pas-sages.info\/en\/appel\/<\/a><\/p>","protected":false},"excerpt":{"rendered":"<p>An accelerated ecocide, shameless colonialism, attacks on trans communities, the strengthening of borders and of the police state on a backdrop of rising fascism: the upcoming election heralds the start of a new era in Canadian politics.<\/p>","protected":false},"author":2,"featured_media":6647,"comment_status":"open","ping_status":"open","sticky":false,"template":"","format":"standard","meta":{"colormag_page_layout":"default_layout","_jetpack_memberships_contains_paid_content":false,"footnotes":""},"categories":[114,111,110],"tags":[115,117,139,120,119,118,116,133],"class_list":["post-152","post","type-post","status-publish","format-standard","has-post-thumbnail","hentry","category-actualite","category-commentaire","category-reseaux-sociaux","tag-canada","tag-federal","tag-frontrose","tag-nous-ne-serons-pas-sages","tag-parti-conservateur","tag-poilievre","tag-politique","tag-queer"],"magazineBlocksPostFeaturedMedia":{"thumbnail":"https:\/\/frontrose.gay\/wp-content\/uploads\/2025\/02\/Poilievre-le-fascisme-et-nous-900-x-445-px1-150x150.png","medium":"https:\/\/frontrose.gay\/wp-content\/uploads\/2025\/02\/Poilievre-le-fascisme-et-nous-900-x-445-px1-300x148.png","medium_large":"https:\/\/frontrose.gay\/wp-content\/uploads\/2025\/02\/Poilievre-le-fascisme-et-nous-900-x-445-px1-768x380.png","large":"https:\/\/frontrose.gay\/wp-content\/uploads\/2025\/02\/Poilievre-le-fascisme-et-nous-900-x-445-px1.png","1536x1536":"https:\/\/frontrose.gay\/wp-content\/uploads\/2025\/02\/Poilievre-le-fascisme-et-nous-900-x-445-px1.png","2048x2048":"https:\/\/frontrose.gay\/wp-content\/uploads\/2025\/02\/Poilievre-le-fascisme-et-nous-900-x-445-px1.png","trp-custom-language-flag":"https:\/\/frontrose.gay\/wp-content\/uploads\/2025\/02\/Poilievre-le-fascisme-et-nous-900-x-445-px1-18x9.png","colormag-highlighted-post":"https:\/\/frontrose.gay\/wp-content\/uploads\/2025\/02\/Poilievre-le-fascisme-et-nous-900-x-445-px1-392x272.png","colormag-featured-post-medium":"https:\/\/frontrose.gay\/wp-content\/uploads\/2025\/02\/Poilievre-le-fascisme-et-nous-900-x-445-px1-390x205.png","colormag-featured-post-small":"https:\/\/frontrose.gay\/wp-content\/uploads\/2025\/02\/Poilievre-le-fascisme-et-nous-900-x-445-px1-130x90.png","colormag-featured-image":"https:\/\/frontrose.gay\/wp-content\/uploads\/2025\/02\/Poilievre-le-fascisme-et-nous-900-x-445-px1-800x445.png","colormag-default-news":"https:\/\/frontrose.gay\/wp-content\/uploads\/2025\/02\/Poilievre-le-fascisme-et-nous-900-x-445-px1-150x150.png","colormag-featured-image-large":"https:\/\/frontrose.gay\/wp-content\/uploads\/2025\/02\/Poilievre-le-fascisme-et-nous-900-x-445-px1.png","colormag-elementor-block-extra-large-thumbnail":"https:\/\/frontrose.gay\/wp-content\/uploads\/2025\/02\/Poilievre-le-fascisme-et-nous-900-x-445-px1.png","colormag-elementor-grid-large-thumbnail":"https:\/\/frontrose.gay\/wp-content\/uploads\/2025\/02\/Poilievre-le-fascisme-et-nous-900-x-445-px1.png","colormag-elementor-grid-small-thumbnail":"https:\/\/frontrose.gay\/wp-content\/uploads\/2025\/02\/Poilievre-le-fascisme-et-nous-900-x-445-px1.png","colormag-elementor-grid-medium-large-thumbnail":"https:\/\/frontrose.gay\/wp-content\/uploads\/2025\/02\/Poilievre-le-fascisme-et-nous-900-x-445-px1.png","mailpoet_newsletter_max":"https:\/\/frontrose.gay\/wp-content\/uploads\/2025\/02\/Poilievre-le-fascisme-et-nous-900-x-445-px1.png"},"magazineBlocksPostAuthor":{"name":"Louve Rose","avatar":"https:\/\/secure.gravatar.com\/avatar\/3ac8254a6bf118d2d536dc1fdb852a48d59d322b8a400b7e80713c487f407a43?s=96&d=blank&r=g"},"magazineBlocksPostCommentsNumber":"0","magazineBlocksPostExcerpt":"Par Louve Rose \u00c9cocide acc\u00e9l\u00e9r\u00e9, colonialisme sans g\u00eane, attaque sur les communaut\u00e9s trans, durcissement des fronti\u00e8res et de l&rsquo;\u00e9tat policier","magazineBlocksPostCategories":["Actualit\u00e9","Commentaire","R\u00e9seaux sociaux"],"magazineBlocksPostViewCount":1349,"magazineBlocksPostReadTime":15,"magazine_blocks_featured_image_url":{"full":["https:\/\/frontrose.gay\/wp-content\/uploads\/2025\/02\/Poilievre-le-fascisme-et-nous-900-x-445-px1.png",900,445,false],"medium":["https:\/\/frontrose.gay\/wp-content\/uploads\/2025\/02\/Poilievre-le-fascisme-et-nous-900-x-445-px1-300x148.png",300,148,true],"thumbnail":["https:\/\/frontrose.gay\/wp-content\/uploads\/2025\/02\/Poilievre-le-fascisme-et-nous-900-x-445-px1-150x150.png",150,150,true]},"magazine_blocks_author":{"display_name":"Louve Rose","author_link":"https:\/\/frontrose.gay\/en\/author\/louve-rose\/"},"magazine_blocks_comment":2,"magazine_blocks_author_image":"https:\/\/secure.gravatar.com\/avatar\/3ac8254a6bf118d2d536dc1fdb852a48d59d322b8a400b7e80713c487f407a43?s=96&d=blank&r=g","magazine_blocks_category":"<a href=\"#\" class=\"category-link category-link-114\">Actualit\u00e9<\/a> <a href=\"#\" class=\"category-link category-link-111\">Commentaire<\/a> <a href=\"#\" class=\"category-link category-link-110\">R\u00e9seaux sociaux<\/a>","yoast_head":"<!-- This site is optimized with the Yoast SEO plugin v27.0 - https:\/\/yoast.com\/product\/yoast-seo-wordpress\/ -->\n<title>Poili\u00e8vre le fascisme et nous | Front Rose<\/title>\n<meta name=\"description\" content=\"Poili\u00e8vre le fascisme et nous. Les prochaines \u00e9lections annoncent le d\u00e9but d&#039;une nouvelle \u00e8re de politique canadienne.\" \/>\n<meta name=\"robots\" content=\"index, follow, max-snippet:-1, max-image-preview:large, max-video-preview:-1\" \/>\n<link rel=\"canonical\" href=\"https:\/\/frontrose.gay\/en\/poilievre-le-fascisme-et-nous\/\" \/>\n<meta property=\"og:locale\" content=\"en_US\" \/>\n<meta property=\"og:type\" content=\"article\" \/>\n<meta property=\"og:title\" content=\"Poili\u00e8vre le fascisme et nous | Front Rose\" \/>\n<meta property=\"og:description\" content=\"Poili\u00e8vre le fascisme et nous. Les prochaines \u00e9lections annoncent le d\u00e9but d&#039;une nouvelle \u00e8re de politique canadienne.\" \/>\n<meta property=\"og:url\" content=\"https:\/\/frontrose.gay\/en\/poilievre-le-fascisme-et-nous\/\" \/>\n<meta property=\"og:site_name\" content=\"Front Rose\" \/>\n<meta property=\"article:published_time\" content=\"2025-02-17T21:25:43+00:00\" \/>\n<meta property=\"article:modified_time\" content=\"2025-06-10T15:55:06+00:00\" \/>\n<meta property=\"og:image\" content=\"https:\/\/frontrose.gay\/wp-content\/uploads\/2025\/02\/Poilievre-le-fascisme-et-nous-900-x-445-px1.png\" \/>\n\t<meta property=\"og:image:width\" content=\"900\" \/>\n\t<meta property=\"og:image:height\" content=\"445\" \/>\n\t<meta property=\"og:image:type\" content=\"image\/png\" \/>\n<meta name=\"author\" content=\"Louve Rose\" \/>\n<meta name=\"twitter:card\" content=\"summary_large_image\" \/>\n<meta name=\"twitter:label1\" content=\"Written by\" \/>\n\t<meta name=\"twitter:data1\" content=\"Louve Rose\" \/>\n\t<meta name=\"twitter:label2\" content=\"Est. reading time\" \/>\n\t<meta name=\"twitter:data2\" content=\"9 minutes\" \/>\n<script type=\"application\/ld+json\" class=\"yoast-schema-graph\">{\"@context\":\"https:\/\/schema.org\",\"@graph\":[{\"@type\":\"Article\",\"@id\":\"https:\/\/frontrose.gay\/poilievre-le-fascisme-et-nous\/#article\",\"isPartOf\":{\"@id\":\"https:\/\/frontrose.gay\/poilievre-le-fascisme-et-nous\/\"},\"author\":{\"name\":\"Louve Rose\",\"@id\":\"https:\/\/frontrose.gay\/#\/schema\/person\/2adca1ae6c979ac671389a900db514f7\"},\"headline\":\"Poili\u00e8vre le fascisme et nous\",\"datePublished\":\"2025-02-17T21:25:43+00:00\",\"dateModified\":\"2025-06-10T15:55:06+00:00\",\"mainEntityOfPage\":{\"@id\":\"https:\/\/frontrose.gay\/poilievre-le-fascisme-et-nous\/\"},\"wordCount\":1793,\"commentCount\":0,\"publisher\":{\"@id\":\"https:\/\/frontrose.gay\/#organization\"},\"image\":{\"@id\":\"https:\/\/frontrose.gay\/poilievre-le-fascisme-et-nous\/#primaryimage\"},\"thumbnailUrl\":\"https:\/\/frontrose.gay\/wp-content\/uploads\/2025\/02\/Poilievre-le-fascisme-et-nous-900-x-445-px1.png\",\"keywords\":[\"canada\",\"f\u00e9d\u00e9ral\",\"frontrose\",\"nous ne serons pas sages\",\"parti conservateur\",\"poilievre\",\"politique\",\"queer\"],\"articleSection\":[\"Actualit\u00e9\",\"Commentaire\",\"R\u00e9seaux sociaux\"],\"inLanguage\":\"en-CA\",\"potentialAction\":[{\"@type\":\"CommentAction\",\"name\":\"Comment\",\"target\":[\"https:\/\/frontrose.gay\/poilievre-le-fascisme-et-nous\/#respond\"]}]},{\"@type\":\"WebPage\",\"@id\":\"https:\/\/frontrose.gay\/poilievre-le-fascisme-et-nous\/\",\"url\":\"https:\/\/frontrose.gay\/poilievre-le-fascisme-et-nous\/\",\"name\":\"Poili\u00e8vre le fascisme et nous | Front Rose\",\"isPartOf\":{\"@id\":\"https:\/\/frontrose.gay\/#website\"},\"primaryImageOfPage\":{\"@id\":\"https:\/\/frontrose.gay\/poilievre-le-fascisme-et-nous\/#primaryimage\"},\"image\":{\"@id\":\"https:\/\/frontrose.gay\/poilievre-le-fascisme-et-nous\/#primaryimage\"},\"thumbnailUrl\":\"https:\/\/frontrose.gay\/wp-content\/uploads\/2025\/02\/Poilievre-le-fascisme-et-nous-900-x-445-px1.png\",\"datePublished\":\"2025-02-17T21:25:43+00:00\",\"dateModified\":\"2025-06-10T15:55:06+00:00\",\"description\":\"Poili\u00e8vre le fascisme et nous. Les prochaines \u00e9lections annoncent le d\u00e9but d'une nouvelle \u00e8re de politique canadienne.\",\"breadcrumb\":{\"@id\":\"https:\/\/frontrose.gay\/poilievre-le-fascisme-et-nous\/#breadcrumb\"},\"inLanguage\":\"en-CA\",\"potentialAction\":[{\"@type\":\"ReadAction\",\"target\":[\"https:\/\/frontrose.gay\/poilievre-le-fascisme-et-nous\/\"]}]},{\"@type\":\"ImageObject\",\"inLanguage\":\"en-CA\",\"@id\":\"https:\/\/frontrose.gay\/poilievre-le-fascisme-et-nous\/#primaryimage\",\"url\":\"https:\/\/frontrose.gay\/wp-content\/uploads\/2025\/02\/Poilievre-le-fascisme-et-nous-900-x-445-px1.png\",\"contentUrl\":\"https:\/\/frontrose.gay\/wp-content\/uploads\/2025\/02\/Poilievre-le-fascisme-et-nous-900-x-445-px1.png\",\"width\":900,\"height\":445},{\"@type\":\"BreadcrumbList\",\"@id\":\"https:\/\/frontrose.gay\/poilievre-le-fascisme-et-nous\/#breadcrumb\",\"itemListElement\":[{\"@type\":\"ListItem\",\"position\":1,\"name\":\"Home\",\"item\":\"https:\/\/frontrose.gay\/\"},{\"@type\":\"ListItem\",\"position\":2,\"name\":\"Poili\u00e8vre le fascisme et nous\"}]},{\"@type\":\"WebSite\",\"@id\":\"https:\/\/frontrose.gay\/#website\",\"url\":\"https:\/\/frontrose.gay\/\",\"name\":\"Front Rose\",\"description\":\"Front Rose n&#039;est pas un magazine de lifestyle queer\",\"publisher\":{\"@id\":\"https:\/\/frontrose.gay\/#organization\"},\"alternateName\":\"frontrose\",\"potentialAction\":[{\"@type\":\"SearchAction\",\"target\":{\"@type\":\"EntryPoint\",\"urlTemplate\":\"https:\/\/frontrose.gay\/?s={search_term_string}\"},\"query-input\":{\"@type\":\"PropertyValueSpecification\",\"valueRequired\":true,\"valueName\":\"search_term_string\"}}],\"inLanguage\":\"en-CA\"},{\"@type\":\"Organization\",\"@id\":\"https:\/\/frontrose.gay\/#organization\",\"name\":\"Front Rose\",\"alternateName\":\"frontrose\",\"url\":\"https:\/\/frontrose.gay\/\",\"logo\":{\"@type\":\"ImageObject\",\"inLanguage\":\"en-CA\",\"@id\":\"https:\/\/frontrose.gay\/#\/schema\/logo\/image\/\",\"url\":\"https:\/\/frontrose.gay\/wp-content\/uploads\/2025\/02\/cropped-cropped-cropped-cropped-frontrose_logo_web-2.png\",\"contentUrl\":\"https:\/\/frontrose.gay\/wp-content\/uploads\/2025\/02\/cropped-cropped-cropped-cropped-frontrose_logo_web-2.png\",\"width\":958,\"height\":196,\"caption\":\"Front Rose\"},\"image\":{\"@id\":\"https:\/\/frontrose.gay\/#\/schema\/logo\/image\/\"}},{\"@type\":\"Person\",\"@id\":\"https:\/\/frontrose.gay\/#\/schema\/person\/2adca1ae6c979ac671389a900db514f7\",\"name\":\"Louve Rose\",\"image\":{\"@type\":\"ImageObject\",\"inLanguage\":\"en-CA\",\"@id\":\"https:\/\/frontrose.gay\/#\/schema\/person\/image\/\",\"url\":\"https:\/\/secure.gravatar.com\/avatar\/3ac8254a6bf118d2d536dc1fdb852a48d59d322b8a400b7e80713c487f407a43?s=96&d=blank&r=g\",\"contentUrl\":\"https:\/\/secure.gravatar.com\/avatar\/3ac8254a6bf118d2d536dc1fdb852a48d59d322b8a400b7e80713c487f407a43?s=96&d=blank&r=g\",\"caption\":\"Louve Rose\"},\"url\":\"https:\/\/frontrose.gay\/en\/author\/louve-rose\/\"}]}<\/script>\n<!-- \/ Yoast SEO plugin. -->","yoast_head_json":{"title":"Poili\u00e8vre le fascisme et nous | Front Rose","description":"Poili\u00e8vre le fascisme et nous. Les prochaines \u00e9lections annoncent le d\u00e9but d'une nouvelle \u00e8re de politique canadienne.","robots":{"index":"index","follow":"follow","max-snippet":"max-snippet:-1","max-image-preview":"max-image-preview:large","max-video-preview":"max-video-preview:-1"},"canonical":"https:\/\/frontrose.gay\/en\/poilievre-le-fascisme-et-nous\/","og_locale":"en_US","og_type":"article","og_title":"Poili\u00e8vre le fascisme et nous | Front Rose","og_description":"Poili\u00e8vre le fascisme et nous. Les prochaines \u00e9lections annoncent le d\u00e9but d'une nouvelle \u00e8re de politique canadienne.","og_url":"https:\/\/frontrose.gay\/en\/poilievre-le-fascisme-et-nous\/","og_site_name":"Front Rose","article_published_time":"2025-02-17T21:25:43+00:00","article_modified_time":"2025-06-10T15:55:06+00:00","og_image":[{"width":900,"height":445,"url":"https:\/\/frontrose.gay\/wp-content\/uploads\/2025\/02\/Poilievre-le-fascisme-et-nous-900-x-445-px1.png","type":"image\/png"}],"author":"Louve Rose","twitter_card":"summary_large_image","twitter_misc":{"Written by":"Louve Rose","Est. reading time":"9 minutes"},"schema":{"@context":"https:\/\/schema.org","@graph":[{"@type":"Article","@id":"https:\/\/frontrose.gay\/poilievre-le-fascisme-et-nous\/#article","isPartOf":{"@id":"https:\/\/frontrose.gay\/poilievre-le-fascisme-et-nous\/"},"author":{"name":"Louve Rose","@id":"https:\/\/frontrose.gay\/#\/schema\/person\/2adca1ae6c979ac671389a900db514f7"},"headline":"Poili\u00e8vre le fascisme et nous","datePublished":"2025-02-17T21:25:43+00:00","dateModified":"2025-06-10T15:55:06+00:00","mainEntityOfPage":{"@id":"https:\/\/frontrose.gay\/poilievre-le-fascisme-et-nous\/"},"wordCount":1793,"commentCount":0,"publisher":{"@id":"https:\/\/frontrose.gay\/#organization"},"image":{"@id":"https:\/\/frontrose.gay\/poilievre-le-fascisme-et-nous\/#primaryimage"},"thumbnailUrl":"https:\/\/frontrose.gay\/wp-content\/uploads\/2025\/02\/Poilievre-le-fascisme-et-nous-900-x-445-px1.png","keywords":["canada","f\u00e9d\u00e9ral","frontrose","nous ne serons pas sages","parti conservateur","poilievre","politique","queer"],"articleSection":["Actualit\u00e9","Commentaire","R\u00e9seaux sociaux"],"inLanguage":"en-CA","potentialAction":[{"@type":"CommentAction","name":"Comment","target":["https:\/\/frontrose.gay\/poilievre-le-fascisme-et-nous\/#respond"]}]},{"@type":"WebPage","@id":"https:\/\/frontrose.gay\/poilievre-le-fascisme-et-nous\/","url":"https:\/\/frontrose.gay\/poilievre-le-fascisme-et-nous\/","name":"Poili\u00e8vre le fascisme et nous | Front Rose","isPartOf":{"@id":"https:\/\/frontrose.gay\/#website"},"primaryImageOfPage":{"@id":"https:\/\/frontrose.gay\/poilievre-le-fascisme-et-nous\/#primaryimage"},"image":{"@id":"https:\/\/frontrose.gay\/poilievre-le-fascisme-et-nous\/#primaryimage"},"thumbnailUrl":"https:\/\/frontrose.gay\/wp-content\/uploads\/2025\/02\/Poilievre-le-fascisme-et-nous-900-x-445-px1.png","datePublished":"2025-02-17T21:25:43+00:00","dateModified":"2025-06-10T15:55:06+00:00","description":"Poili\u00e8vre le fascisme et nous. Les prochaines \u00e9lections annoncent le d\u00e9but d'une nouvelle \u00e8re de politique canadienne.","breadcrumb":{"@id":"https:\/\/frontrose.gay\/poilievre-le-fascisme-et-nous\/#breadcrumb"},"inLanguage":"en-CA","potentialAction":[{"@type":"ReadAction","target":["https:\/\/frontrose.gay\/poilievre-le-fascisme-et-nous\/"]}]},{"@type":"ImageObject","inLanguage":"en-CA","@id":"https:\/\/frontrose.gay\/poilievre-le-fascisme-et-nous\/#primaryimage","url":"https:\/\/frontrose.gay\/wp-content\/uploads\/2025\/02\/Poilievre-le-fascisme-et-nous-900-x-445-px1.png","contentUrl":"https:\/\/frontrose.gay\/wp-content\/uploads\/2025\/02\/Poilievre-le-fascisme-et-nous-900-x-445-px1.png","width":900,"height":445},{"@type":"BreadcrumbList","@id":"https:\/\/frontrose.gay\/poilievre-le-fascisme-et-nous\/#breadcrumb","itemListElement":[{"@type":"ListItem","position":1,"name":"Home","item":"https:\/\/frontrose.gay\/"},{"@type":"ListItem","position":2,"name":"Poili\u00e8vre le fascisme et nous"}]},{"@type":"WebSite","@id":"https:\/\/frontrose.gay\/#website","url":"https:\/\/frontrose.gay\/","name":"Front Rose","description":"Front Rose n&#039;est pas un magazine de lifestyle queer","publisher":{"@id":"https:\/\/frontrose.gay\/#organization"},"alternateName":"frontrose","potentialAction":[{"@type":"SearchAction","target":{"@type":"EntryPoint","urlTemplate":"https:\/\/frontrose.gay\/?s={search_term_string}"},"query-input":{"@type":"PropertyValueSpecification","valueRequired":true,"valueName":"search_term_string"}}],"inLanguage":"en-CA"},{"@type":"Organization","@id":"https:\/\/frontrose.gay\/#organization","name":"Front Rose","alternateName":"frontrose","url":"https:\/\/frontrose.gay\/","logo":{"@type":"ImageObject","inLanguage":"en-CA","@id":"https:\/\/frontrose.gay\/#\/schema\/logo\/image\/","url":"https:\/\/frontrose.gay\/wp-content\/uploads\/2025\/02\/cropped-cropped-cropped-cropped-frontrose_logo_web-2.png","contentUrl":"https:\/\/frontrose.gay\/wp-content\/uploads\/2025\/02\/cropped-cropped-cropped-cropped-frontrose_logo_web-2.png","width":958,"height":196,"caption":"Front Rose"},"image":{"@id":"https:\/\/frontrose.gay\/#\/schema\/logo\/image\/"}},{"@type":"Person","@id":"https:\/\/frontrose.gay\/#\/schema\/person\/2adca1ae6c979ac671389a900db514f7","name":"Louve Rose","image":{"@type":"ImageObject","inLanguage":"en-CA","@id":"https:\/\/frontrose.gay\/#\/schema\/person\/image\/","url":"https:\/\/secure.gravatar.com\/avatar\/3ac8254a6bf118d2d536dc1fdb852a48d59d322b8a400b7e80713c487f407a43?s=96&d=blank&r=g","contentUrl":"https:\/\/secure.gravatar.com\/avatar\/3ac8254a6bf118d2d536dc1fdb852a48d59d322b8a400b7e80713c487f407a43?s=96&d=blank&r=g","caption":"Louve Rose"},"url":"https:\/\/frontrose.gay\/en\/author\/louve-rose\/"}]}},"jetpack_featured_media_url":"https:\/\/frontrose.gay\/wp-content\/uploads\/2025\/02\/Poilievre-le-fascisme-et-nous-900-x-445-px1.png","jetpack_sharing_enabled":true,"_links":{"self":[{"href":"https:\/\/frontrose.gay\/en\/wp-json\/wp\/v2\/posts\/152","targetHints":{"allow":["GET"]}}],"collection":[{"href":"https:\/\/frontrose.gay\/en\/wp-json\/wp\/v2\/posts"}],"about":[{"href":"https:\/\/frontrose.gay\/en\/wp-json\/wp\/v2\/types\/post"}],"author":[{"embeddable":true,"href":"https:\/\/frontrose.gay\/en\/wp-json\/wp\/v2\/users\/2"}],"replies":[{"embeddable":true,"href":"https:\/\/frontrose.gay\/en\/wp-json\/wp\/v2\/comments?post=152"}],"version-history":[{"count":9,"href":"https:\/\/frontrose.gay\/en\/wp-json\/wp\/v2\/posts\/152\/revisions"}],"predecessor-version":[{"id":6536,"href":"https:\/\/frontrose.gay\/en\/wp-json\/wp\/v2\/posts\/152\/revisions\/6536"}],"wp:featuredmedia":[{"embeddable":true,"href":"https:\/\/frontrose.gay\/en\/wp-json\/wp\/v2\/media\/6647"}],"wp:attachment":[{"href":"https:\/\/frontrose.gay\/en\/wp-json\/wp\/v2\/media?parent=152"}],"wp:term":[{"taxonomy":"category","embeddable":true,"href":"https:\/\/frontrose.gay\/en\/wp-json\/wp\/v2\/categories?post=152"},{"taxonomy":"post_tag","embeddable":true,"href":"https:\/\/frontrose.gay\/en\/wp-json\/wp\/v2\/tags?post=152"}],"curies":[{"name":"wp","href":"https:\/\/api.w.org\/{rel}","templated":true}]}}