{"id":30,"date":"2024-11-14T19:10:00","date_gmt":"2024-11-14T19:10:00","guid":{"rendered":"https:\/\/frontrose.gay\/?p=30"},"modified":"2025-04-04T20:31:55","modified_gmt":"2025-04-04T20:31:55","slug":"documentaire-alphas","status":"publish","type":"post","link":"https:\/\/frontrose.gay\/en\/documentaire-alphas\/","title":{"rendered":"Documentaire alphas : le lib\u00e9ralisme ne nous sauvera pas"},"content":{"rendered":"<p>Depuis lundi, les commentaires sur le documentaire\u00a0<em>Alphas<\/em>\u00a0\u00e0 <em>T\u00e9l\u00e9-Qu\u00e9bec<\/em> sont partout sur les m\u00e9dias sociaux, \u00e0 la radio, dans les journaux. Se donnant le mandat\u00a0de montrer la mont\u00e9e d&rsquo;un discours masculiniste, le documentaire donne parole \u00e0 deux de ces influenceurs au Qu\u00e9bec pour pr\u00e9senter leur vision de la famille traditionnelle et de l&rsquo;essentialisme du genre. Depuis, ces deux personnes ont \u00e9t\u00e9 invit\u00e9es \u00e0 parler \u00e0\u00a0<em>Tout le monde en parle<\/em>\u00a0et \u00e0 la radio pour continuer de pr\u00e9senter leur discours en le cachant derri\u00e8re sa facette la plus rationnelle possible et en se d\u00e9responsabilisant de la propagande violente en \u00e9voquant leur droit de choisir un mode de vie qui leur convient.<\/p>\n\n\n\n<p>Devant ce fiasco m\u00e9diatique, nous voulons proposer une analyse antifasciste qui saurait r\u00e9ellement contrer la violence transphobe et misogyne des discours masculinistes.&nbsp;<\/p>\n\n\n\n<p>Commen\u00e7ons par \u00e9noncer clairement ceci : le masculinisme n&rsquo;est pas un probl\u00e8me r\u00e9serv\u00e9 aux m\u00e9dias sociaux. Il n&rsquo;est que le sympt\u00f4me de la culture dominante qui s&rsquo;allie avec l&rsquo;extr\u00eame droite de plus en plus et qui accepte depuis trop longtemps des discours \u00e0 caract\u00e8re fasciste ou fascisant. Quand la seule diff\u00e9rence entre les discours de certains journalistes du\u00a0<em>Journal de Montr\u00e9al<\/em>\u00a0et celui des\u00a0soi-disant &lsquo;<em>alpha males<\/em>&lsquo;\u00a0est que les premiers sont plus l\u00e9gitimes \u00e0 cause de leur affiliation au conseil de presse, on a un r\u00e9el probl\u00e8me. Et on est confront\u00e9\u00b7es \u00e0 l&rsquo;urgence de trouver des nouvelles strat\u00e9gies.\u00a0<\/p>\n\n\n\n<p>Le lib\u00e9ralisme ne sait pas vraiment quoi proposer comme arguments pour s&rsquo;opposer aux discours fascistes transphobes et misogynes. Premi\u00e8rement, le lib\u00e9ralisme ne nous sauvera pas, parce qu&rsquo;on ne peut pas le s\u00e9parer de ses alliances avec les discours TERF et du f\u00e9minisme occidental dominant (celui des femmes blanches et bourgeoises). Ces discours n&rsquo;arrivent jamais r\u00e9ellement \u00e0 prendre en compte la violence coloniale et capitaliste pour assurer une lib\u00e9ration collective.&nbsp;<\/p>\n\n\n\n<p>Deuxi\u00e8mement, le lib\u00e9ralisme ne nous sauvera pas parce qu&rsquo;il \u00e9tire la libert\u00e9 d&rsquo;expression dans un relativisme moral : voulant obliger une posture o\u00f9 toutes les opinions auraient la m\u00eame valeur. Nous soutenons, au contraire, que certaines opinions sont nuisibles aux d\u00e9bats et \u00e9changes d&rsquo;id\u00e9es \u2014 et donc \u00e0 la libert\u00e9 d&rsquo;expression \u2014 et qu&rsquo;elles sont nuisibles aussi de fa\u00e7on tr\u00e8s concr\u00e8te \u00e0 des vies bien r\u00e9elles. Nous d\u00e9non\u00e7ons ici ces opinions qui appellent\u00a0\u00e0 la d\u00e9l\u00e9gitimisation de certaines existences (celles des personnes trans ou non-conformes dans le genre) et qui basent leurs argumentaires sur des id\u00e9es fausses pr\u00e9sent\u00e9es comme des pr\u00e9tendues v\u00e9rit\u00e9s universelles. Impossible d&rsquo;argumenter devant ces fausset\u00e9s qui ignorent l&rsquo;exp\u00e9rience et la science. Ces opinions amplifient les appels \u00e0 la haine et renforcent des oppressions au sein desquelles le d\u00e9bat ne peut plus exister. Il doit \u00eatre dit clairement que ces id\u00e9es ne sont pas acceptables; la libert\u00e9 d&rsquo;expression exige du discernement \u00e9thique et des limites qui prot\u00e8gent la continuit\u00e9 des d\u00e9bats et \u00e9changes d&rsquo;id\u00e9es. On a une libert\u00e9 et une obligation au d\u00e9bat des id\u00e9es, mais il n&rsquo;est plus possible devant la violence du fascisme. Et on met en grave danger nos d\u00e9bats politiques quand on accepte la pr\u00e9sence de ces discours.\u00a0<\/p>\n\n\n\n<h2 class=\"wp-block-heading\">Alors, donner ou pas la parole ?&nbsp;<\/h2>\n\n\n\n<p>Il faut souligner que de connaitre les raccourcis intellectuels et les arguments des fascistes est pertinent pour savoir comment y faire face. Comprendre la mont\u00e9e des discours fascisants est essentiel, tout comme conscientiser les personnes au danger qu&rsquo;ils repr\u00e9sentent.&nbsp;<\/p>\n\n\n\n<p>Mais on ne peut pas adopter une position neutre, comme le fait le documentaire, et encore moins laisser les intervenants ne pr\u00e9senter qu&rsquo;une partie de leurs points de vue, ceux qui semblent plus innocents. On n&rsquo;est pas dupes, on sait bien que ces personnes commencent d&rsquo;abord par propager un discours positif sur l&rsquo;entrepreneuriat et encouragent leurs adeptes au soin de soi. C&rsquo;est en cr\u00e9ant un sentiment de camaraderie autour de ces id\u00e9es qu&rsquo;ils arrivent ensuite \u00e0 rendre acceptables leurs discours violents. Seuls, ils feraient beaucoup trop r\u00e9agir.\u00a0<\/p>\n\n\n\n<p>Un vrai documentaire conscient du danger de donner une tribune \u00e0 ces gens se doit de pr\u00e9senter un contre-discours solide et approfondi. Notre objectif n&rsquo;est pas de critiquer le camarade Francis Dupuis-D\u00e9ry sur sa prise de parole, mais on doit reconnaitre qu&rsquo;elle a besoin d&rsquo;\u00eatre compl\u00e9t\u00e9e par des pr\u00e9sentations concr\u00e8tes des impacts violents de tels discours sur notre soci\u00e9t\u00e9 et d&rsquo;une r\u00e9action explicite \u00e0 tous les arguments pr\u00e9sent\u00e9s. Un tel documentaire se doit de donner des outils pour se pr\u00e9munir contre les tactiques de ces discours et d&rsquo;offrir des pistes de solution concr\u00e8tes pour une lutte antifasciste.&nbsp;<\/p>\n\n\n\n<p>Et on voit que les erreurs du documentaire ont des effets graves, elles donnent\u00a0encore plus de plateformes pour expliquer leur discours et rendre leurs id\u00e9es acceptables. M\u00eame si Dupuis-D\u00e9ry a \u00e9t\u00e9 invit\u00e9 \u00e0\u00a0<em>Tout le monde en parle<\/em>, son temps de parole \u00e9tait significativement plus court que celui du\u00a0m\u00e2le alpha.\u00a0Et les autres journalistes n&rsquo;ont invit\u00e9 aucune personne trans ou queer pour pr\u00e9senter la violence de ces discours. Les gauchistes sont pr\u00e9sent\u00e9s comme des hyst\u00e9riques qui ha\u00efssent les hommes et ne comprennent pas des concepts \u00ab biologiques simples \u00bb, les fascistes de droite sont pr\u00e9sent\u00e9s comme des mal-compris pleins de bon sens. La neutralit\u00e9 journalistique est une vraie blague&#8230;\u00a0<\/p>\n\n\n\n<p>Si l&rsquo;objectif est de mettre en garde et de \u00ab\u00a0rester vigilant\u00a0\u00bb, comme le mentionne Simon Coutu dans la fin abrupte de son documentaire, la suppos\u00e9e neutralit\u00e9 journalistique ne suffit pas. La critique doit \u00eatre explicite, le propos sans d\u00e9tour: ces discours sont dangereux et inacceptables. Et il faut les traiter comme tels, comme des ennemis \u00e0 abattre; les d\u00e9molir pour les renvoyer l\u00e0 o\u00f9 est leur v\u00e9ritable place : dans les oubliettes de l&rsquo;histoire.&nbsp;&nbsp;<\/p>\n\n\n\n<h2 class=\"wp-block-heading\">La lutte antifasciste, dans nos r\u00e9seaux sociaux comme dans la rue<\/h2>\n\n\n\n<p>Ce documentaire nous prouve encore une fois qu&rsquo;il nous faut proposer des alternatives aux m\u00e9dias de masse et que nous devons rendre accessible le discours antifasciste en investissant une multitude de formats. C&rsquo;est le mandat que nous nous donnons, et nous lan\u00e7ons l&rsquo;invitation \u00e0 tous nos camarades, ici comme ailleurs, \u00e0 continuer \u00e0 le faire. Le mouvement antifasciste est une tradition historique qui doit informer nos r\u00e9flexions actuelles. Il est imp\u00e9ratif de se former collectivement \u00e0 ses tactiques et id\u00e9es pour \u00e9tablir une masse critique consciente et pr\u00eate \u00e0 affronter l&rsquo;extr\u00eame droite.<\/p>\n\n\n\n<p>Cela doit ensuite nous mener \u00e0 avoir une pr\u00e9sence soutenue et massive dans les rues. Chaque fois qu&rsquo;une manifestation tentera de propager des discours fascistes, c&rsquo;est notre devoir de la bloquer et d&#8217;emp\u00eacher les participants de r\u00e9pandre leur violence. Tenir un tel discours doit impliquer des cons\u00e9quences concr\u00e8tes si on veut qu&rsquo;il cesse enfin de circuler.<\/p>\n\n\n\n<p>Il est essentiel de rappeler ici la diff\u00e9rence tr\u00e8s claire entre l&rsquo;utilisation de la violence dans ce contexte :<\/p>\n\n\n\n<pre class=\"wp-block-code\" style=\"border-style:none;border-width:0px;border-radius:0px\"><code>un anti-fasciste n'utilisera la violence qu'aussi longtemps que la personne devant elle lui sera violente dans ses actes et discours publics. <\/code><\/pre>\n\n\n\n<pre class=\"wp-block-code\" style=\"border-style:none;border-width:0px;border-radius:0px\"><code>un fasciste n'arr\u00eatera pas d'exercer sa violence tant que nous existerons. <\/code><\/pre>\n\n\n\n<p>Finissons en paraphrasant les mots de Dupuis-D\u00e9ry : Si les militant\u00b7es \u00e9cologistes ou antifascistes affichaient clairement des armes sur leurs m\u00e9dias sociaux, tous les m\u00e9dias en parleraient et appelleraient \u00e0 la r\u00e9pression. Alors pourquoi ce n&rsquo;est pas le cas quand l&rsquo;extr\u00eame droite le fait, et ce de plus en plus librement ?&nbsp;<\/p>\n\n\n\n<p>On ne prendra pas cette menace \u00e0 la l\u00e9g\u00e8re !<\/p>\n\n\n\n<p>On prot\u00e9gera toujours nos communaut\u00e9s !<\/p>","protected":false},"excerpt":{"rendered":"<p>Depuis lundi, les commentaires sur le documentaire\u00a0Alphas\u00a0\u00e0 T\u00e9l\u00e9-Qu\u00e9bec sont partout sur les m\u00e9dias sociaux, \u00e0 la radio, dans les journaux.<\/p>","protected":false},"author":1,"featured_media":129,"comment_status":"open","ping_status":"open","sticky":false,"template":"","format":"standard","meta":{"colormag_page_layout":"default_layout","_jetpack_memberships_contains_paid_content":false,"footnotes":""},"categories":[114,111,110],"tags":[123,122,138,139,125,124,121,133],"class_list":["post-30","post","type-post","status-publish","format-standard","has-post-thumbnail","hentry","category-actualite","category-commentaire","category-reseaux-sociaux","tag-alphas","tag-documentaire","tag-front-rose","tag-frontrose","tag-liberalisme","tag-male-alpha","tag-media","tag-queer"],"magazineBlocksPostFeaturedMedia":{"thumbnail":"https:\/\/frontrose.gay\/wp-content\/uploads\/2024\/11\/Untitled-design-150x150.png","medium":"https:\/\/frontrose.gay\/wp-content\/uploads\/2024\/11\/Untitled-design-300x148.png","medium_large":"https:\/\/frontrose.gay\/wp-content\/uploads\/2024\/11\/Untitled-design-768x380.png","large":"https:\/\/frontrose.gay\/wp-content\/uploads\/2024\/11\/Untitled-design.png","1536x1536":"https:\/\/frontrose.gay\/wp-content\/uploads\/2024\/11\/Untitled-design.png","2048x2048":"https:\/\/frontrose.gay\/wp-content\/uploads\/2024\/11\/Untitled-design.png","trp-custom-language-flag":"https:\/\/frontrose.gay\/wp-content\/uploads\/2024\/11\/Untitled-design.png","colormag-highlighted-post":"https:\/\/frontrose.gay\/wp-content\/uploads\/2024\/11\/Untitled-design-392x272.png","colormag-featured-post-medium":"https:\/\/frontrose.gay\/wp-content\/uploads\/2024\/11\/Untitled-design-390x205.png","colormag-featured-post-small":"https:\/\/frontrose.gay\/wp-content\/uploads\/2024\/11\/Untitled-design-130x90.png","colormag-featured-image":"https:\/\/frontrose.gay\/wp-content\/uploads\/2024\/11\/Untitled-design-800x445.png","colormag-default-news":"https:\/\/frontrose.gay\/wp-content\/uploads\/2024\/11\/Untitled-design-150x150.png","colormag-featured-image-large":"https:\/\/frontrose.gay\/wp-content\/uploads\/2024\/11\/Untitled-design.png","colormag-elementor-block-extra-large-thumbnail":"https:\/\/frontrose.gay\/wp-content\/uploads\/2024\/11\/Untitled-design.png","colormag-elementor-grid-large-thumbnail":"https:\/\/frontrose.gay\/wp-content\/uploads\/2024\/11\/Untitled-design.png","colormag-elementor-grid-small-thumbnail":"https:\/\/frontrose.gay\/wp-content\/uploads\/2024\/11\/Untitled-design.png","colormag-elementor-grid-medium-large-thumbnail":"https:\/\/frontrose.gay\/wp-content\/uploads\/2024\/11\/Untitled-design.png","mailpoet_newsletter_max":"https:\/\/frontrose.gay\/wp-content\/uploads\/2024\/11\/Untitled-design.png"},"magazineBlocksPostAuthor":{"name":"Front Rose","avatar":"https:\/\/secure.gravatar.com\/avatar\/538a2f1aa4c43ebe553db8c07e2bfc5bdfca24c2817d2fd416ffe336cb23e0c1?s=96&d=blank&r=g"},"magazineBlocksPostCommentsNumber":"0","magazineBlocksPostExcerpt":"Depuis lundi, les commentaires sur le documentaire\u00a0Alphas\u00a0\u00e0 T\u00e9l\u00e9-Qu\u00e9bec sont partout sur les m\u00e9dias sociaux, \u00e0 la radio, dans les journaux.","magazineBlocksPostCategories":["Actualit\u00e9","Commentaire","R\u00e9seaux sociaux"],"magazineBlocksPostViewCount":1214,"magazineBlocksPostReadTime":7,"magazine_blocks_featured_image_url":{"full":["https:\/\/frontrose.gay\/wp-content\/uploads\/2024\/11\/Untitled-design.png",900,445,false],"medium":["https:\/\/frontrose.gay\/wp-content\/uploads\/2024\/11\/Untitled-design-300x148.png",300,148,true],"thumbnail":["https:\/\/frontrose.gay\/wp-content\/uploads\/2024\/11\/Untitled-design-150x150.png",150,150,true]},"magazine_blocks_author":{"display_name":"Front Rose","author_link":"https:\/\/frontrose.gay\/en\/author\/douxdoux\/"},"magazine_blocks_comment":1,"magazine_blocks_author_image":"https:\/\/secure.gravatar.com\/avatar\/538a2f1aa4c43ebe553db8c07e2bfc5bdfca24c2817d2fd416ffe336cb23e0c1?s=96&d=blank&r=g","magazine_blocks_category":"<a href=\"#\" class=\"category-link category-link-114\">Actualit\u00e9<\/a> <a href=\"#\" class=\"category-link category-link-111\">Commentaire<\/a> <a href=\"#\" class=\"category-link category-link-110\">R\u00e9seaux sociaux<\/a>","yoast_head":"<!-- This site is optimized with the Yoast SEO plugin v27.0 - https:\/\/yoast.com\/product\/yoast-seo-wordpress\/ -->\n<title>Documentaire alphas : le lib\u00e9ralisme ne nous sauvera pas | Front Rose<\/title>\n<meta name=\"description\" content=\"Depuis lundi, les commentaires sur le documentaire Alphas \u00e0 T\u00e9l\u00e9-Qu\u00e9bec sont partout sur les m\u00e9dias sociaux, \u00e0 la radio, dans les journaux.\" \/>\n<meta name=\"robots\" content=\"index, follow, max-snippet:-1, max-image-preview:large, max-video-preview:-1\" \/>\n<link rel=\"canonical\" href=\"https:\/\/frontrose.gay\/en\/documentaire-alphas\/\" \/>\n<meta property=\"og:locale\" content=\"en_US\" \/>\n<meta property=\"og:type\" content=\"article\" \/>\n<meta property=\"og:title\" content=\"Documentaire alphas : le lib\u00e9ralisme ne nous sauvera pas | Front Rose\" \/>\n<meta property=\"og:description\" content=\"Depuis lundi, les commentaires sur le documentaire Alphas \u00e0 T\u00e9l\u00e9-Qu\u00e9bec sont partout sur les m\u00e9dias sociaux, \u00e0 la radio, dans les journaux.\" \/>\n<meta property=\"og:url\" content=\"https:\/\/frontrose.gay\/en\/documentaire-alphas\/\" \/>\n<meta property=\"og:site_name\" content=\"Front Rose\" \/>\n<meta property=\"article:published_time\" content=\"2024-11-14T19:10:00+00:00\" \/>\n<meta property=\"article:modified_time\" content=\"2025-04-04T20:31:55+00:00\" \/>\n<meta property=\"og:image\" content=\"https:\/\/frontrose.gay\/wp-content\/uploads\/2024\/11\/Untitled-design.png\" \/>\n\t<meta property=\"og:image:width\" content=\"900\" \/>\n\t<meta property=\"og:image:height\" content=\"445\" \/>\n\t<meta property=\"og:image:type\" content=\"image\/png\" \/>\n<meta name=\"author\" content=\"Front Rose\" \/>\n<meta name=\"twitter:card\" content=\"summary_large_image\" \/>\n<meta name=\"twitter:label1\" content=\"Written by\" \/>\n\t<meta name=\"twitter:data1\" content=\"Front Rose\" \/>\n\t<meta name=\"twitter:label2\" content=\"Est. reading time\" \/>\n\t<meta name=\"twitter:data2\" content=\"6 minutes\" \/>\n<script type=\"application\/ld+json\" class=\"yoast-schema-graph\">{\"@context\":\"https:\/\/schema.org\",\"@graph\":[{\"@type\":\"Article\",\"@id\":\"https:\/\/frontrose.gay\/documentaire-alphas\/#article\",\"isPartOf\":{\"@id\":\"https:\/\/frontrose.gay\/documentaire-alphas\/\"},\"author\":{\"name\":\"Front Rose\",\"@id\":\"https:\/\/frontrose.gay\/#\/schema\/person\/03179793fd56c0e243a42f079e94e9cb\"},\"headline\":\"Documentaire alphas : le lib\u00e9ralisme ne nous sauvera pas\",\"datePublished\":\"2024-11-14T19:10:00+00:00\",\"dateModified\":\"2025-04-04T20:31:55+00:00\",\"mainEntityOfPage\":{\"@id\":\"https:\/\/frontrose.gay\/documentaire-alphas\/\"},\"wordCount\":1268,\"commentCount\":0,\"publisher\":{\"@id\":\"https:\/\/frontrose.gay\/#organization\"},\"image\":{\"@id\":\"https:\/\/frontrose.gay\/documentaire-alphas\/#primaryimage\"},\"thumbnailUrl\":\"https:\/\/frontrose.gay\/wp-content\/uploads\/2024\/11\/Untitled-design.png\",\"keywords\":[\"alphas\",\"documentaire\",\"front rose\",\"frontrose\",\"liberalisme\",\"male alpha\",\"media\",\"queer\"],\"articleSection\":[\"Actualit\u00e9\",\"Commentaire\",\"R\u00e9seaux sociaux\"],\"inLanguage\":\"en-CA\",\"potentialAction\":[{\"@type\":\"CommentAction\",\"name\":\"Comment\",\"target\":[\"https:\/\/frontrose.gay\/documentaire-alphas\/#respond\"]}]},{\"@type\":\"WebPage\",\"@id\":\"https:\/\/frontrose.gay\/documentaire-alphas\/\",\"url\":\"https:\/\/frontrose.gay\/documentaire-alphas\/\",\"name\":\"Documentaire alphas : le lib\u00e9ralisme ne nous sauvera pas | Front Rose\",\"isPartOf\":{\"@id\":\"https:\/\/frontrose.gay\/#website\"},\"primaryImageOfPage\":{\"@id\":\"https:\/\/frontrose.gay\/documentaire-alphas\/#primaryimage\"},\"image\":{\"@id\":\"https:\/\/frontrose.gay\/documentaire-alphas\/#primaryimage\"},\"thumbnailUrl\":\"https:\/\/frontrose.gay\/wp-content\/uploads\/2024\/11\/Untitled-design.png\",\"datePublished\":\"2024-11-14T19:10:00+00:00\",\"dateModified\":\"2025-04-04T20:31:55+00:00\",\"description\":\"Depuis lundi, les commentaires sur le documentaire Alphas \u00e0 T\u00e9l\u00e9-Qu\u00e9bec sont partout sur les m\u00e9dias sociaux, \u00e0 la radio, dans les journaux.\",\"breadcrumb\":{\"@id\":\"https:\/\/frontrose.gay\/documentaire-alphas\/#breadcrumb\"},\"inLanguage\":\"en-CA\",\"potentialAction\":[{\"@type\":\"ReadAction\",\"target\":[\"https:\/\/frontrose.gay\/documentaire-alphas\/\"]}]},{\"@type\":\"ImageObject\",\"inLanguage\":\"en-CA\",\"@id\":\"https:\/\/frontrose.gay\/documentaire-alphas\/#primaryimage\",\"url\":\"https:\/\/frontrose.gay\/wp-content\/uploads\/2024\/11\/Untitled-design.png\",\"contentUrl\":\"https:\/\/frontrose.gay\/wp-content\/uploads\/2024\/11\/Untitled-design.png\",\"width\":900,\"height\":445},{\"@type\":\"BreadcrumbList\",\"@id\":\"https:\/\/frontrose.gay\/documentaire-alphas\/#breadcrumb\",\"itemListElement\":[{\"@type\":\"ListItem\",\"position\":1,\"name\":\"Home\",\"item\":\"https:\/\/frontrose.gay\/\"},{\"@type\":\"ListItem\",\"position\":2,\"name\":\"Documentaire alphas : le lib\u00e9ralisme ne nous sauvera pas\"}]},{\"@type\":\"WebSite\",\"@id\":\"https:\/\/frontrose.gay\/#website\",\"url\":\"https:\/\/frontrose.gay\/\",\"name\":\"Front Rose\",\"description\":\"Front Rose n&#039;est pas un magazine de lifestyle queer\",\"publisher\":{\"@id\":\"https:\/\/frontrose.gay\/#organization\"},\"alternateName\":\"frontrose\",\"potentialAction\":[{\"@type\":\"SearchAction\",\"target\":{\"@type\":\"EntryPoint\",\"urlTemplate\":\"https:\/\/frontrose.gay\/?s={search_term_string}\"},\"query-input\":{\"@type\":\"PropertyValueSpecification\",\"valueRequired\":true,\"valueName\":\"search_term_string\"}}],\"inLanguage\":\"en-CA\"},{\"@type\":\"Organization\",\"@id\":\"https:\/\/frontrose.gay\/#organization\",\"name\":\"Front Rose\",\"alternateName\":\"frontrose\",\"url\":\"https:\/\/frontrose.gay\/\",\"logo\":{\"@type\":\"ImageObject\",\"inLanguage\":\"en-CA\",\"@id\":\"https:\/\/frontrose.gay\/#\/schema\/logo\/image\/\",\"url\":\"https:\/\/frontrose.gay\/wp-content\/uploads\/2025\/02\/cropped-cropped-cropped-cropped-frontrose_logo_web-2.png\",\"contentUrl\":\"https:\/\/frontrose.gay\/wp-content\/uploads\/2025\/02\/cropped-cropped-cropped-cropped-frontrose_logo_web-2.png\",\"width\":958,\"height\":196,\"caption\":\"Front Rose\"},\"image\":{\"@id\":\"https:\/\/frontrose.gay\/#\/schema\/logo\/image\/\"}},{\"@type\":\"Person\",\"@id\":\"https:\/\/frontrose.gay\/#\/schema\/person\/03179793fd56c0e243a42f079e94e9cb\",\"name\":\"Front Rose\",\"image\":{\"@type\":\"ImageObject\",\"inLanguage\":\"en-CA\",\"@id\":\"https:\/\/frontrose.gay\/#\/schema\/person\/image\/\",\"url\":\"https:\/\/secure.gravatar.com\/avatar\/538a2f1aa4c43ebe553db8c07e2bfc5bdfca24c2817d2fd416ffe336cb23e0c1?s=96&d=blank&r=g\",\"contentUrl\":\"https:\/\/secure.gravatar.com\/avatar\/538a2f1aa4c43ebe553db8c07e2bfc5bdfca24c2817d2fd416ffe336cb23e0c1?s=96&d=blank&r=g\",\"caption\":\"Front Rose\"},\"sameAs\":[\"http:\/\/frontrose.gay\"],\"url\":\"https:\/\/frontrose.gay\/en\/author\/douxdoux\/\"}]}<\/script>\n<!-- \/ Yoast SEO plugin. -->","yoast_head_json":{"title":"Documentaire alphas : le lib\u00e9ralisme ne nous sauvera pas | Front Rose","description":"Depuis lundi, les commentaires sur le documentaire Alphas \u00e0 T\u00e9l\u00e9-Qu\u00e9bec sont partout sur les m\u00e9dias sociaux, \u00e0 la radio, dans les journaux.","robots":{"index":"index","follow":"follow","max-snippet":"max-snippet:-1","max-image-preview":"max-image-preview:large","max-video-preview":"max-video-preview:-1"},"canonical":"https:\/\/frontrose.gay\/en\/documentaire-alphas\/","og_locale":"en_US","og_type":"article","og_title":"Documentaire alphas : le lib\u00e9ralisme ne nous sauvera pas | Front Rose","og_description":"Depuis lundi, les commentaires sur le documentaire Alphas \u00e0 T\u00e9l\u00e9-Qu\u00e9bec sont partout sur les m\u00e9dias sociaux, \u00e0 la radio, dans les journaux.","og_url":"https:\/\/frontrose.gay\/en\/documentaire-alphas\/","og_site_name":"Front Rose","article_published_time":"2024-11-14T19:10:00+00:00","article_modified_time":"2025-04-04T20:31:55+00:00","og_image":[{"width":900,"height":445,"url":"https:\/\/frontrose.gay\/wp-content\/uploads\/2024\/11\/Untitled-design.png","type":"image\/png"}],"author":"Front Rose","twitter_card":"summary_large_image","twitter_misc":{"Written by":"Front Rose","Est. reading time":"6 minutes"},"schema":{"@context":"https:\/\/schema.org","@graph":[{"@type":"Article","@id":"https:\/\/frontrose.gay\/documentaire-alphas\/#article","isPartOf":{"@id":"https:\/\/frontrose.gay\/documentaire-alphas\/"},"author":{"name":"Front Rose","@id":"https:\/\/frontrose.gay\/#\/schema\/person\/03179793fd56c0e243a42f079e94e9cb"},"headline":"Documentaire alphas : le lib\u00e9ralisme ne nous sauvera pas","datePublished":"2024-11-14T19:10:00+00:00","dateModified":"2025-04-04T20:31:55+00:00","mainEntityOfPage":{"@id":"https:\/\/frontrose.gay\/documentaire-alphas\/"},"wordCount":1268,"commentCount":0,"publisher":{"@id":"https:\/\/frontrose.gay\/#organization"},"image":{"@id":"https:\/\/frontrose.gay\/documentaire-alphas\/#primaryimage"},"thumbnailUrl":"https:\/\/frontrose.gay\/wp-content\/uploads\/2024\/11\/Untitled-design.png","keywords":["alphas","documentaire","front rose","frontrose","liberalisme","male alpha","media","queer"],"articleSection":["Actualit\u00e9","Commentaire","R\u00e9seaux sociaux"],"inLanguage":"en-CA","potentialAction":[{"@type":"CommentAction","name":"Comment","target":["https:\/\/frontrose.gay\/documentaire-alphas\/#respond"]}]},{"@type":"WebPage","@id":"https:\/\/frontrose.gay\/documentaire-alphas\/","url":"https:\/\/frontrose.gay\/documentaire-alphas\/","name":"Documentaire alphas : le lib\u00e9ralisme ne nous sauvera pas | Front Rose","isPartOf":{"@id":"https:\/\/frontrose.gay\/#website"},"primaryImageOfPage":{"@id":"https:\/\/frontrose.gay\/documentaire-alphas\/#primaryimage"},"image":{"@id":"https:\/\/frontrose.gay\/documentaire-alphas\/#primaryimage"},"thumbnailUrl":"https:\/\/frontrose.gay\/wp-content\/uploads\/2024\/11\/Untitled-design.png","datePublished":"2024-11-14T19:10:00+00:00","dateModified":"2025-04-04T20:31:55+00:00","description":"Depuis lundi, les commentaires sur le documentaire Alphas \u00e0 T\u00e9l\u00e9-Qu\u00e9bec sont partout sur les m\u00e9dias sociaux, \u00e0 la radio, dans les journaux.","breadcrumb":{"@id":"https:\/\/frontrose.gay\/documentaire-alphas\/#breadcrumb"},"inLanguage":"en-CA","potentialAction":[{"@type":"ReadAction","target":["https:\/\/frontrose.gay\/documentaire-alphas\/"]}]},{"@type":"ImageObject","inLanguage":"en-CA","@id":"https:\/\/frontrose.gay\/documentaire-alphas\/#primaryimage","url":"https:\/\/frontrose.gay\/wp-content\/uploads\/2024\/11\/Untitled-design.png","contentUrl":"https:\/\/frontrose.gay\/wp-content\/uploads\/2024\/11\/Untitled-design.png","width":900,"height":445},{"@type":"BreadcrumbList","@id":"https:\/\/frontrose.gay\/documentaire-alphas\/#breadcrumb","itemListElement":[{"@type":"ListItem","position":1,"name":"Home","item":"https:\/\/frontrose.gay\/"},{"@type":"ListItem","position":2,"name":"Documentaire alphas : le lib\u00e9ralisme ne nous sauvera pas"}]},{"@type":"WebSite","@id":"https:\/\/frontrose.gay\/#website","url":"https:\/\/frontrose.gay\/","name":"Front Rose","description":"Front Rose n&#039;est pas un magazine de lifestyle queer","publisher":{"@id":"https:\/\/frontrose.gay\/#organization"},"alternateName":"frontrose","potentialAction":[{"@type":"SearchAction","target":{"@type":"EntryPoint","urlTemplate":"https:\/\/frontrose.gay\/?s={search_term_string}"},"query-input":{"@type":"PropertyValueSpecification","valueRequired":true,"valueName":"search_term_string"}}],"inLanguage":"en-CA"},{"@type":"Organization","@id":"https:\/\/frontrose.gay\/#organization","name":"Front Rose","alternateName":"frontrose","url":"https:\/\/frontrose.gay\/","logo":{"@type":"ImageObject","inLanguage":"en-CA","@id":"https:\/\/frontrose.gay\/#\/schema\/logo\/image\/","url":"https:\/\/frontrose.gay\/wp-content\/uploads\/2025\/02\/cropped-cropped-cropped-cropped-frontrose_logo_web-2.png","contentUrl":"https:\/\/frontrose.gay\/wp-content\/uploads\/2025\/02\/cropped-cropped-cropped-cropped-frontrose_logo_web-2.png","width":958,"height":196,"caption":"Front Rose"},"image":{"@id":"https:\/\/frontrose.gay\/#\/schema\/logo\/image\/"}},{"@type":"Person","@id":"https:\/\/frontrose.gay\/#\/schema\/person\/03179793fd56c0e243a42f079e94e9cb","name":"Front Rose","image":{"@type":"ImageObject","inLanguage":"en-CA","@id":"https:\/\/frontrose.gay\/#\/schema\/person\/image\/","url":"https:\/\/secure.gravatar.com\/avatar\/538a2f1aa4c43ebe553db8c07e2bfc5bdfca24c2817d2fd416ffe336cb23e0c1?s=96&d=blank&r=g","contentUrl":"https:\/\/secure.gravatar.com\/avatar\/538a2f1aa4c43ebe553db8c07e2bfc5bdfca24c2817d2fd416ffe336cb23e0c1?s=96&d=blank&r=g","caption":"Front Rose"},"sameAs":["http:\/\/frontrose.gay"],"url":"https:\/\/frontrose.gay\/en\/author\/douxdoux\/"}]}},"jetpack_featured_media_url":"https:\/\/frontrose.gay\/wp-content\/uploads\/2024\/11\/Untitled-design.png","jetpack_sharing_enabled":true,"_links":{"self":[{"href":"https:\/\/frontrose.gay\/en\/wp-json\/wp\/v2\/posts\/30","targetHints":{"allow":["GET"]}}],"collection":[{"href":"https:\/\/frontrose.gay\/en\/wp-json\/wp\/v2\/posts"}],"about":[{"href":"https:\/\/frontrose.gay\/en\/wp-json\/wp\/v2\/types\/post"}],"author":[{"embeddable":true,"href":"https:\/\/frontrose.gay\/en\/wp-json\/wp\/v2\/users\/1"}],"replies":[{"embeddable":true,"href":"https:\/\/frontrose.gay\/en\/wp-json\/wp\/v2\/comments?post=30"}],"version-history":[{"count":6,"href":"https:\/\/frontrose.gay\/en\/wp-json\/wp\/v2\/posts\/30\/revisions"}],"predecessor-version":[{"id":6142,"href":"https:\/\/frontrose.gay\/en\/wp-json\/wp\/v2\/posts\/30\/revisions\/6142"}],"wp:featuredmedia":[{"embeddable":true,"href":"https:\/\/frontrose.gay\/en\/wp-json\/wp\/v2\/media\/129"}],"wp:attachment":[{"href":"https:\/\/frontrose.gay\/en\/wp-json\/wp\/v2\/media?parent=30"}],"wp:term":[{"taxonomy":"category","embeddable":true,"href":"https:\/\/frontrose.gay\/en\/wp-json\/wp\/v2\/categories?post=30"},{"taxonomy":"post_tag","embeddable":true,"href":"https:\/\/frontrose.gay\/en\/wp-json\/wp\/v2\/tags?post=30"}],"curies":[{"name":"wp","href":"https:\/\/api.w.org\/{rel}","templated":true}]}}