{"id":6352,"date":"2025-04-02T19:46:57","date_gmt":"2025-04-02T19:46:57","guid":{"rendered":"https:\/\/frontrose.gay\/?p=6352"},"modified":"2025-04-22T22:22:05","modified_gmt":"2025-04-22T22:22:05","slug":"justice-pour-abisay","status":"publish","type":"post","link":"https:\/\/frontrose.gay\/en\/justice-pour-abisay\/","title":{"rendered":"Justice pour Abisay"},"content":{"rendered":"<h5 class=\"wp-block-heading\"><strong>Deuil, rage, lacrymog\u00e8ne et r\u00e9sistance : retour sur la manifestation de mardi soir dans Saint-L\u00e9onard.<\/strong><\/h5>\n\n\n\n<p>Plusieurs centaines de personnes se sont r\u00e9unies mardi soir dans le nord-est de Montr\u00e9al, en r\u00e9ponse \u00e0 l&rsquo;appel de la famille et des proches d&rsquo;Abisay \u00ab\u00a0Bicha\u00a0\u00bb Cruz.<\/p>\n\n\n\n<p>Abisay <a href=\"https:\/\/www.journaldemontreal.com\/2025\/03\/30\/mort-dun-homme-en-crise-a-montreal-le-bei-ouvre-une-enquete\">est mort dimanche sous les coups de la police,<\/a> <a href=\"https:\/\/frontrose.gay\/en\/trois-morts-en-48-heures-aux-mains-des-policiers-de-quebec-et-de-montreal\/\">lors d&rsquo;une fin de semaine sanglante o\u00f9 le SPVM et le SPVQ ont fait trois morts.<\/a> Dans une vid\u00e9o de l&rsquo;intervention polici\u00e8re qui a \u00e9norm\u00e9ment circul\u00e9 sur les r\u00e9seaux,<a href=\"https:\/\/www.instagram.com\/p\/DH7UsFFujDP\/\"> on voit le jeune p\u00e8re de famille immobilis\u00e9 au sol. <\/a>La famille t\u00e9moigne qu&rsquo;il venait d&rsquo;\u00eatre rou\u00e9 de coups. Son d\u00e9c\u00e8s aurait \u00e9t\u00e9 constat\u00e9 plus tard en matin\u00e9e.<br><br>C&rsquo;est en hommage \u00e0 Abisay et pour d\u00e9noncer l&rsquo;injustice, que plus de 300 personnes se sont r\u00e9unies hier soir aux abords du boulevard Pie-IX, aux limites des quartiers Saint-L\u00e9onard, Saint-Michel et Montr\u00e9al-Nord.<\/p>\n\n\n\n<p>La manifestation, qui alternait entre des p\u00e9riodes de deuil et de rage, s&rsquo;est d\u00e9roul\u00e9e sous la surveillance d&rsquo;un lourd dispositif policier. Tr\u00e8s rapidement, le SPVM a essay\u00e9,&nbsp;sans succ\u00e8s&nbsp;\u2014 il faut le souligner&nbsp;\u2014 d&rsquo;interdire \u00e0 la manifestation de prendre le boulevard Pie-IX. Or, en peu de temps, les manifestant\u00b7es ont r\u00e9ussi \u00e0 bloquer l&rsquo;art\u00e8re et \u00e0 rejoindre le poste de quartier 30 du SPVM, au croisement de la 40e avenue.<\/p>\n\n\n\n<figure class=\"wp-block-image aligncenter size-full\"><img fetchpriority=\"high\" decoding=\"async\" width=\"900\" height=\"445\" src=\"https:\/\/frontrose.gay\/wp-content\/uploads\/2025\/04\/5.png\" alt=\"Policiers anti-\u00e9meute reculant devant les manifestants lors d'une manifestation en honneur \u00e0 Abisay assassin\u00e9 par le SPVM.\" class=\"wp-image-6357\" style=\"aspect-ratio:16\/9;object-fit:cover\" srcset=\"https:\/\/frontrose.gay\/wp-content\/uploads\/2025\/04\/5.png 900w, https:\/\/frontrose.gay\/wp-content\/uploads\/2025\/04\/5-300x148.png 300w, https:\/\/frontrose.gay\/wp-content\/uploads\/2025\/04\/5-768x380.png 768w\" sizes=\"(max-width: 900px) 100vw, 900px\" \/><figcaption class=\"wp-element-caption\">Policier\u00b7\u00e8res anti-\u00e9meute devant le poste de quartier 30 dans le quartier Saint-Michel<\/figcaption><\/figure>\n\n\n\n<p>La col\u00e8re des&nbsp;manifestant\u00b7es, combin\u00e9e aux tentatives d&rsquo;intimidation du service de police, a rapidement fait monter le ton. Alors que la foule retournait vers le point de d\u00e9part, la police s&rsquo;est vue tenue en respect par des tirs de projectiles, ainsi que par le courage et l&rsquo;impressionnante d\u00e9termination des&nbsp;manifestant\u00b7es.<\/p>\n\n\n\n<p>\u00c0 plusieurs reprises, les policier\u00b7\u00e8res ont d\u00fb abandonner leurs positions.<\/p>\n\n\n\n<p>Alors qu&rsquo;une vigile commen\u00e7ait, des feux d&rsquo;artifice ont \u00e9t\u00e9 allum\u00e9s en l&rsquo;honneur d&rsquo;Abisay. Un petit feu a \u00e9galement \u00e9t\u00e9 allum\u00e9 dans la rue par des manifestant\u00b7es. Le service anti-\u00e9meute a alors essay\u00e9 d&rsquo;intervenir violemment, notamment en tirant des bombes lacrymog\u00e8nes sur la vigile. Les lignes d&rsquo;anti-\u00e9meute ont tout de m\u00eame d\u00fb battre rapidement en retraite sous les projectiles et la ligne de\u00a0manifestant\u00b7es qui avan\u00e7ait vers elles.<\/p>\n\n\n\n<p>La soir\u00e9e s&rsquo;est termin\u00e9e calmement, la r\u00e9sistance des manifestants face au SPVM ayant lib\u00e9r\u00e9 la place pour le moment de recueillement souhait\u00e9 par la famille.<\/p>\n\n\n\n<figure class=\"wp-block-image aligncenter size-full\"><img decoding=\"async\" width=\"900\" height=\"445\" src=\"https:\/\/frontrose.gay\/wp-content\/uploads\/2025\/04\/4.png\" alt=\"Image d'une personne manifestant avec une affiche sur laquelle on peut lire : &quot;Combien n'ont pas \u00e9t\u00e9 film\u00e9s - Justice pour Abisay&quot;\" class=\"wp-image-6354\" style=\"aspect-ratio:16\/9;object-fit:cover\" srcset=\"https:\/\/frontrose.gay\/wp-content\/uploads\/2025\/04\/4.png 900w, https:\/\/frontrose.gay\/wp-content\/uploads\/2025\/04\/4-300x148.png 300w, https:\/\/frontrose.gay\/wp-content\/uploads\/2025\/04\/4-768x380.png 768w\" sizes=\"(max-width: 900px) 100vw, 900px\" \/><figcaption class=\"wp-element-caption\">Manifestant\u00b7es lors de la vigile en m\u00e9moire d&rsquo;Abisay \u00ab\u00a0Bicha\u00a0\u00bb Cruz<\/figcaption><\/figure>\n\n\n\n<p>Le d\u00e9c\u00e8s d&rsquo;Abisay rappelle la force de la m\u00e9moire politique des quartiers Saint-L\u00e9onard, Saint-Michel et Montr\u00e9al-Nord. Tout au long de l&rsquo;\u00e9v\u00e9nement, les noms de Freddy Villanueva et de Bony Jean-Pierre \u2014 assassin\u00e9s en 2008 et 2016 par la police \u2014 pouvaient \u00eatre entendus, tandis que le souvenir des \u00e9meutes de 2008 et 2016 restait vif dans les m\u00e9moires. Il est clair que les communaut\u00e9s de ces quartiers, proches du lieu o\u00f9 Abisay a \u00e9t\u00e9 assassin\u00e9, portent une histoire de r\u00e9sistance longue et fertile. \u00c0 plusieurs moments, des appels \u00e0 organiser de futures manifestations ont \u00e9t\u00e9 lanc\u00e9s, nous rappelant que les d\u00e9monstrations de rage et de solidarit\u00e9 observ\u00e9es hier soir ne sont s\u00fbrement qu&rsquo;un d\u00e9but.<\/p>\n\n\n\n<p>On reste \u00e0 l&rsquo;aff\u00fbt des mobilisations \u00e0 venir alors que la violence du service de police s&rsquo;est r\u00e9v\u00e9l\u00e9e une fois de plus dans son enti\u00e8ret\u00e9.<\/p>","protected":false},"excerpt":{"rendered":"<p>Deuil, rage, lacrymog\u00e8ne et r\u00e9sistance : retour sur la manifestation de mardi soir dans Saint-L\u00e9onard.<\/p>","protected":false},"author":1,"featured_media":6544,"comment_status":"open","ping_status":"open","sticky":false,"template":"","format":"standard","meta":{"colormag_page_layout":"default_layout","_jetpack_memberships_contains_paid_content":false,"footnotes":""},"categories":[114,111],"tags":[154,153,138,139,155,135,116,152],"class_list":["post-6352","post","type-post","status-publish","format-standard","has-post-thumbnail","hentry","category-actualite","category-commentaire","tag-abisay","tag-bei","tag-front-rose","tag-frontrose","tag-justice-pour-abisay","tag-montreal","tag-politique","tag-violences-policieres"],"magazineBlocksPostFeaturedMedia":{"thumbnail":"https:\/\/frontrose.gay\/wp-content\/uploads\/2025\/04\/3-150x150.png","medium":"https:\/\/frontrose.gay\/wp-content\/uploads\/2025\/04\/3-300x148.png","medium_large":"https:\/\/frontrose.gay\/wp-content\/uploads\/2025\/04\/3-768x380.png","large":"https:\/\/frontrose.gay\/wp-content\/uploads\/2025\/04\/3.png","1536x1536":"https:\/\/frontrose.gay\/wp-content\/uploads\/2025\/04\/3.png","2048x2048":"https:\/\/frontrose.gay\/wp-content\/uploads\/2025\/04\/3.png","trp-custom-language-flag":"https:\/\/frontrose.gay\/wp-content\/uploads\/2025\/04\/3.png","colormag-highlighted-post":"https:\/\/frontrose.gay\/wp-content\/uploads\/2025\/04\/3-392x272.png","colormag-featured-post-medium":"https:\/\/frontrose.gay\/wp-content\/uploads\/2025\/04\/3-390x205.png","colormag-featured-post-small":"https:\/\/frontrose.gay\/wp-content\/uploads\/2025\/04\/3-130x90.png","colormag-featured-image":"https:\/\/frontrose.gay\/wp-content\/uploads\/2025\/04\/3-800x445.png","colormag-default-news":"https:\/\/frontrose.gay\/wp-content\/uploads\/2025\/04\/3-150x150.png","colormag-featured-image-large":"https:\/\/frontrose.gay\/wp-content\/uploads\/2025\/04\/3.png","colormag-elementor-block-extra-large-thumbnail":"https:\/\/frontrose.gay\/wp-content\/uploads\/2025\/04\/3.png","colormag-elementor-grid-large-thumbnail":"https:\/\/frontrose.gay\/wp-content\/uploads\/2025\/04\/3.png","colormag-elementor-grid-small-thumbnail":"https:\/\/frontrose.gay\/wp-content\/uploads\/2025\/04\/3.png","colormag-elementor-grid-medium-large-thumbnail":"https:\/\/frontrose.gay\/wp-content\/uploads\/2025\/04\/3.png","mailpoet_newsletter_max":"https:\/\/frontrose.gay\/wp-content\/uploads\/2025\/04\/3.png"},"magazineBlocksPostAuthor":{"name":"Front Rose","avatar":"https:\/\/secure.gravatar.com\/avatar\/538a2f1aa4c43ebe553db8c07e2bfc5bdfca24c2817d2fd416ffe336cb23e0c1?s=96&d=blank&r=g"},"magazineBlocksPostCommentsNumber":"0","magazineBlocksPostExcerpt":"Deuil, rage, lacrymog\u00e8ne et r\u00e9sistance : retour sur la manifestation de mardi soir dans Saint-L\u00e9onard.","magazineBlocksPostCategories":["Actualit\u00e9","Commentaire"],"magazineBlocksPostViewCount":2142,"magazineBlocksPostReadTime":3,"magazine_blocks_featured_image_url":{"full":["https:\/\/frontrose.gay\/wp-content\/uploads\/2025\/04\/3.png",900,445,false],"medium":["https:\/\/frontrose.gay\/wp-content\/uploads\/2025\/04\/3-300x148.png",300,148,true],"thumbnail":["https:\/\/frontrose.gay\/wp-content\/uploads\/2025\/04\/3-150x150.png",150,150,true]},"magazine_blocks_author":{"display_name":"Front Rose","author_link":"https:\/\/frontrose.gay\/en\/author\/douxdoux\/"},"magazine_blocks_comment":7,"magazine_blocks_author_image":"https:\/\/secure.gravatar.com\/avatar\/538a2f1aa4c43ebe553db8c07e2bfc5bdfca24c2817d2fd416ffe336cb23e0c1?s=96&d=blank&r=g","magazine_blocks_category":"<a href=\"#\" class=\"category-link category-link-114\">Actualit\u00e9<\/a> <a href=\"#\" class=\"category-link category-link-111\">Commentaire<\/a>","yoast_head":"<!-- This site is optimized with the Yoast SEO plugin v27.0 - https:\/\/yoast.com\/product\/yoast-seo-wordpress\/ -->\n<title>Justice pour Abisay | Front Rose<\/title>\n<meta name=\"description\" content=\"Justice pour Abisay - Deuil, rage, lacrymog\u00e8ne et r\u00e9sistance : retour sur la manifestation de mardi soir dans Saint-L\u00e9onard.\" \/>\n<meta name=\"robots\" content=\"index, follow, max-snippet:-1, max-image-preview:large, max-video-preview:-1\" \/>\n<link rel=\"canonical\" href=\"https:\/\/frontrose.gay\/en\/justice-pour-abisay\/\" \/>\n<meta property=\"og:locale\" content=\"en_US\" \/>\n<meta property=\"og:type\" content=\"article\" \/>\n<meta property=\"og:title\" content=\"Justice pour Abisay | Front Rose\" \/>\n<meta property=\"og:description\" content=\"Justice pour Abisay - Deuil, rage, lacrymog\u00e8ne et r\u00e9sistance : retour sur la manifestation de mardi soir dans Saint-L\u00e9onard.\" \/>\n<meta property=\"og:url\" content=\"https:\/\/frontrose.gay\/en\/justice-pour-abisay\/\" \/>\n<meta property=\"og:site_name\" content=\"Front Rose\" \/>\n<meta property=\"article:published_time\" content=\"2025-04-02T19:46:57+00:00\" \/>\n<meta property=\"article:modified_time\" content=\"2025-04-22T22:22:05+00:00\" \/>\n<meta property=\"og:image\" content=\"https:\/\/frontrose.gay\/wp-content\/uploads\/2025\/04\/3.png\" \/>\n\t<meta property=\"og:image:width\" content=\"900\" \/>\n\t<meta property=\"og:image:height\" content=\"445\" \/>\n\t<meta property=\"og:image:type\" content=\"image\/png\" \/>\n<meta name=\"author\" content=\"Front Rose\" \/>\n<meta name=\"twitter:card\" content=\"summary_large_image\" \/>\n<meta name=\"twitter:label1\" content=\"Written by\" \/>\n\t<meta name=\"twitter:data1\" content=\"Front Rose\" \/>\n\t<meta name=\"twitter:label2\" content=\"Est. reading time\" \/>\n\t<meta name=\"twitter:data2\" content=\"4 minutes\" \/>\n<script type=\"application\/ld+json\" class=\"yoast-schema-graph\">{\"@context\":\"https:\/\/schema.org\",\"@graph\":[{\"@type\":\"Article\",\"@id\":\"https:\/\/frontrose.gay\/justice-pour-abisay\/#article\",\"isPartOf\":{\"@id\":\"https:\/\/frontrose.gay\/justice-pour-abisay\/\"},\"author\":{\"name\":\"Front Rose\",\"@id\":\"https:\/\/frontrose.gay\/#\/schema\/person\/03179793fd56c0e243a42f079e94e9cb\"},\"headline\":\"Justice pour Abisay\",\"datePublished\":\"2025-04-02T19:46:57+00:00\",\"dateModified\":\"2025-04-22T22:22:05+00:00\",\"mainEntityOfPage\":{\"@id\":\"https:\/\/frontrose.gay\/justice-pour-abisay\/\"},\"wordCount\":585,\"commentCount\":0,\"publisher\":{\"@id\":\"https:\/\/frontrose.gay\/#organization\"},\"image\":{\"@id\":\"https:\/\/frontrose.gay\/justice-pour-abisay\/#primaryimage\"},\"thumbnailUrl\":\"https:\/\/frontrose.gay\/wp-content\/uploads\/2025\/04\/3.png\",\"keywords\":[\"abisay\",\"bei\",\"front rose\",\"frontrose\",\"justice pour abisay\",\"montreal\",\"politique\",\"violences policieres\"],\"articleSection\":[\"Actualit\u00e9\",\"Commentaire\"],\"inLanguage\":\"en-CA\",\"potentialAction\":[{\"@type\":\"CommentAction\",\"name\":\"Comment\",\"target\":[\"https:\/\/frontrose.gay\/justice-pour-abisay\/#respond\"]}]},{\"@type\":\"WebPage\",\"@id\":\"https:\/\/frontrose.gay\/justice-pour-abisay\/\",\"url\":\"https:\/\/frontrose.gay\/justice-pour-abisay\/\",\"name\":\"Justice pour Abisay | Front Rose\",\"isPartOf\":{\"@id\":\"https:\/\/frontrose.gay\/#website\"},\"primaryImageOfPage\":{\"@id\":\"https:\/\/frontrose.gay\/justice-pour-abisay\/#primaryimage\"},\"image\":{\"@id\":\"https:\/\/frontrose.gay\/justice-pour-abisay\/#primaryimage\"},\"thumbnailUrl\":\"https:\/\/frontrose.gay\/wp-content\/uploads\/2025\/04\/3.png\",\"datePublished\":\"2025-04-02T19:46:57+00:00\",\"dateModified\":\"2025-04-22T22:22:05+00:00\",\"description\":\"Justice pour Abisay - Deuil, rage, lacrymog\u00e8ne et r\u00e9sistance : retour sur la manifestation de mardi soir dans Saint-L\u00e9onard.\",\"breadcrumb\":{\"@id\":\"https:\/\/frontrose.gay\/justice-pour-abisay\/#breadcrumb\"},\"inLanguage\":\"en-CA\",\"potentialAction\":[{\"@type\":\"ReadAction\",\"target\":[\"https:\/\/frontrose.gay\/justice-pour-abisay\/\"]}]},{\"@type\":\"ImageObject\",\"inLanguage\":\"en-CA\",\"@id\":\"https:\/\/frontrose.gay\/justice-pour-abisay\/#primaryimage\",\"url\":\"https:\/\/frontrose.gay\/wp-content\/uploads\/2025\/04\/3.png\",\"contentUrl\":\"https:\/\/frontrose.gay\/wp-content\/uploads\/2025\/04\/3.png\",\"width\":900,\"height\":445},{\"@type\":\"BreadcrumbList\",\"@id\":\"https:\/\/frontrose.gay\/justice-pour-abisay\/#breadcrumb\",\"itemListElement\":[{\"@type\":\"ListItem\",\"position\":1,\"name\":\"Home\",\"item\":\"https:\/\/frontrose.gay\/\"},{\"@type\":\"ListItem\",\"position\":2,\"name\":\"Justice pour Abisay\"}]},{\"@type\":\"WebSite\",\"@id\":\"https:\/\/frontrose.gay\/#website\",\"url\":\"https:\/\/frontrose.gay\/\",\"name\":\"Front Rose\",\"description\":\"Front Rose n&#039;est pas un magazine de lifestyle queer\",\"publisher\":{\"@id\":\"https:\/\/frontrose.gay\/#organization\"},\"alternateName\":\"frontrose\",\"potentialAction\":[{\"@type\":\"SearchAction\",\"target\":{\"@type\":\"EntryPoint\",\"urlTemplate\":\"https:\/\/frontrose.gay\/?s={search_term_string}\"},\"query-input\":{\"@type\":\"PropertyValueSpecification\",\"valueRequired\":true,\"valueName\":\"search_term_string\"}}],\"inLanguage\":\"en-CA\"},{\"@type\":\"Organization\",\"@id\":\"https:\/\/frontrose.gay\/#organization\",\"name\":\"Front Rose\",\"alternateName\":\"frontrose\",\"url\":\"https:\/\/frontrose.gay\/\",\"logo\":{\"@type\":\"ImageObject\",\"inLanguage\":\"en-CA\",\"@id\":\"https:\/\/frontrose.gay\/#\/schema\/logo\/image\/\",\"url\":\"https:\/\/frontrose.gay\/wp-content\/uploads\/2025\/02\/cropped-cropped-cropped-cropped-frontrose_logo_web-2.png\",\"contentUrl\":\"https:\/\/frontrose.gay\/wp-content\/uploads\/2025\/02\/cropped-cropped-cropped-cropped-frontrose_logo_web-2.png\",\"width\":958,\"height\":196,\"caption\":\"Front Rose\"},\"image\":{\"@id\":\"https:\/\/frontrose.gay\/#\/schema\/logo\/image\/\"}},{\"@type\":\"Person\",\"@id\":\"https:\/\/frontrose.gay\/#\/schema\/person\/03179793fd56c0e243a42f079e94e9cb\",\"name\":\"Front Rose\",\"image\":{\"@type\":\"ImageObject\",\"inLanguage\":\"en-CA\",\"@id\":\"https:\/\/frontrose.gay\/#\/schema\/person\/image\/\",\"url\":\"https:\/\/secure.gravatar.com\/avatar\/538a2f1aa4c43ebe553db8c07e2bfc5bdfca24c2817d2fd416ffe336cb23e0c1?s=96&d=blank&r=g\",\"contentUrl\":\"https:\/\/secure.gravatar.com\/avatar\/538a2f1aa4c43ebe553db8c07e2bfc5bdfca24c2817d2fd416ffe336cb23e0c1?s=96&d=blank&r=g\",\"caption\":\"Front Rose\"},\"sameAs\":[\"http:\/\/frontrose.gay\"],\"url\":\"https:\/\/frontrose.gay\/en\/author\/douxdoux\/\"}]}<\/script>\n<!-- \/ Yoast SEO plugin. -->","yoast_head_json":{"title":"Justice pour Abisay | Front Rose","description":"Justice pour Abisay - Deuil, rage, lacrymog\u00e8ne et r\u00e9sistance : retour sur la manifestation de mardi soir dans Saint-L\u00e9onard.","robots":{"index":"index","follow":"follow","max-snippet":"max-snippet:-1","max-image-preview":"max-image-preview:large","max-video-preview":"max-video-preview:-1"},"canonical":"https:\/\/frontrose.gay\/en\/justice-pour-abisay\/","og_locale":"en_US","og_type":"article","og_title":"Justice pour Abisay | Front Rose","og_description":"Justice pour Abisay - Deuil, rage, lacrymog\u00e8ne et r\u00e9sistance : retour sur la manifestation de mardi soir dans Saint-L\u00e9onard.","og_url":"https:\/\/frontrose.gay\/en\/justice-pour-abisay\/","og_site_name":"Front Rose","article_published_time":"2025-04-02T19:46:57+00:00","article_modified_time":"2025-04-22T22:22:05+00:00","og_image":[{"width":900,"height":445,"url":"https:\/\/frontrose.gay\/wp-content\/uploads\/2025\/04\/3.png","type":"image\/png"}],"author":"Front Rose","twitter_card":"summary_large_image","twitter_misc":{"Written by":"Front Rose","Est. reading time":"4 minutes"},"schema":{"@context":"https:\/\/schema.org","@graph":[{"@type":"Article","@id":"https:\/\/frontrose.gay\/justice-pour-abisay\/#article","isPartOf":{"@id":"https:\/\/frontrose.gay\/justice-pour-abisay\/"},"author":{"name":"Front Rose","@id":"https:\/\/frontrose.gay\/#\/schema\/person\/03179793fd56c0e243a42f079e94e9cb"},"headline":"Justice pour Abisay","datePublished":"2025-04-02T19:46:57+00:00","dateModified":"2025-04-22T22:22:05+00:00","mainEntityOfPage":{"@id":"https:\/\/frontrose.gay\/justice-pour-abisay\/"},"wordCount":585,"commentCount":0,"publisher":{"@id":"https:\/\/frontrose.gay\/#organization"},"image":{"@id":"https:\/\/frontrose.gay\/justice-pour-abisay\/#primaryimage"},"thumbnailUrl":"https:\/\/frontrose.gay\/wp-content\/uploads\/2025\/04\/3.png","keywords":["abisay","bei","front rose","frontrose","justice pour abisay","montreal","politique","violences policieres"],"articleSection":["Actualit\u00e9","Commentaire"],"inLanguage":"en-CA","potentialAction":[{"@type":"CommentAction","name":"Comment","target":["https:\/\/frontrose.gay\/justice-pour-abisay\/#respond"]}]},{"@type":"WebPage","@id":"https:\/\/frontrose.gay\/justice-pour-abisay\/","url":"https:\/\/frontrose.gay\/justice-pour-abisay\/","name":"Justice pour Abisay | Front Rose","isPartOf":{"@id":"https:\/\/frontrose.gay\/#website"},"primaryImageOfPage":{"@id":"https:\/\/frontrose.gay\/justice-pour-abisay\/#primaryimage"},"image":{"@id":"https:\/\/frontrose.gay\/justice-pour-abisay\/#primaryimage"},"thumbnailUrl":"https:\/\/frontrose.gay\/wp-content\/uploads\/2025\/04\/3.png","datePublished":"2025-04-02T19:46:57+00:00","dateModified":"2025-04-22T22:22:05+00:00","description":"Justice pour Abisay - Deuil, rage, lacrymog\u00e8ne et r\u00e9sistance : retour sur la manifestation de mardi soir dans Saint-L\u00e9onard.","breadcrumb":{"@id":"https:\/\/frontrose.gay\/justice-pour-abisay\/#breadcrumb"},"inLanguage":"en-CA","potentialAction":[{"@type":"ReadAction","target":["https:\/\/frontrose.gay\/justice-pour-abisay\/"]}]},{"@type":"ImageObject","inLanguage":"en-CA","@id":"https:\/\/frontrose.gay\/justice-pour-abisay\/#primaryimage","url":"https:\/\/frontrose.gay\/wp-content\/uploads\/2025\/04\/3.png","contentUrl":"https:\/\/frontrose.gay\/wp-content\/uploads\/2025\/04\/3.png","width":900,"height":445},{"@type":"BreadcrumbList","@id":"https:\/\/frontrose.gay\/justice-pour-abisay\/#breadcrumb","itemListElement":[{"@type":"ListItem","position":1,"name":"Home","item":"https:\/\/frontrose.gay\/"},{"@type":"ListItem","position":2,"name":"Justice pour Abisay"}]},{"@type":"WebSite","@id":"https:\/\/frontrose.gay\/#website","url":"https:\/\/frontrose.gay\/","name":"Front Rose","description":"Front Rose n&#039;est pas un magazine de lifestyle queer","publisher":{"@id":"https:\/\/frontrose.gay\/#organization"},"alternateName":"frontrose","potentialAction":[{"@type":"SearchAction","target":{"@type":"EntryPoint","urlTemplate":"https:\/\/frontrose.gay\/?s={search_term_string}"},"query-input":{"@type":"PropertyValueSpecification","valueRequired":true,"valueName":"search_term_string"}}],"inLanguage":"en-CA"},{"@type":"Organization","@id":"https:\/\/frontrose.gay\/#organization","name":"Front Rose","alternateName":"frontrose","url":"https:\/\/frontrose.gay\/","logo":{"@type":"ImageObject","inLanguage":"en-CA","@id":"https:\/\/frontrose.gay\/#\/schema\/logo\/image\/","url":"https:\/\/frontrose.gay\/wp-content\/uploads\/2025\/02\/cropped-cropped-cropped-cropped-frontrose_logo_web-2.png","contentUrl":"https:\/\/frontrose.gay\/wp-content\/uploads\/2025\/02\/cropped-cropped-cropped-cropped-frontrose_logo_web-2.png","width":958,"height":196,"caption":"Front Rose"},"image":{"@id":"https:\/\/frontrose.gay\/#\/schema\/logo\/image\/"}},{"@type":"Person","@id":"https:\/\/frontrose.gay\/#\/schema\/person\/03179793fd56c0e243a42f079e94e9cb","name":"Front Rose","image":{"@type":"ImageObject","inLanguage":"en-CA","@id":"https:\/\/frontrose.gay\/#\/schema\/person\/image\/","url":"https:\/\/secure.gravatar.com\/avatar\/538a2f1aa4c43ebe553db8c07e2bfc5bdfca24c2817d2fd416ffe336cb23e0c1?s=96&d=blank&r=g","contentUrl":"https:\/\/secure.gravatar.com\/avatar\/538a2f1aa4c43ebe553db8c07e2bfc5bdfca24c2817d2fd416ffe336cb23e0c1?s=96&d=blank&r=g","caption":"Front Rose"},"sameAs":["http:\/\/frontrose.gay"],"url":"https:\/\/frontrose.gay\/en\/author\/douxdoux\/"}]}},"jetpack_featured_media_url":"https:\/\/frontrose.gay\/wp-content\/uploads\/2025\/04\/3.png","jetpack_sharing_enabled":true,"_links":{"self":[{"href":"https:\/\/frontrose.gay\/en\/wp-json\/wp\/v2\/posts\/6352","targetHints":{"allow":["GET"]}}],"collection":[{"href":"https:\/\/frontrose.gay\/en\/wp-json\/wp\/v2\/posts"}],"about":[{"href":"https:\/\/frontrose.gay\/en\/wp-json\/wp\/v2\/types\/post"}],"author":[{"embeddable":true,"href":"https:\/\/frontrose.gay\/en\/wp-json\/wp\/v2\/users\/1"}],"replies":[{"embeddable":true,"href":"https:\/\/frontrose.gay\/en\/wp-json\/wp\/v2\/comments?post=6352"}],"version-history":[{"count":16,"href":"https:\/\/frontrose.gay\/en\/wp-json\/wp\/v2\/posts\/6352\/revisions"}],"predecessor-version":[{"id":6382,"href":"https:\/\/frontrose.gay\/en\/wp-json\/wp\/v2\/posts\/6352\/revisions\/6382"}],"wp:featuredmedia":[{"embeddable":true,"href":"https:\/\/frontrose.gay\/en\/wp-json\/wp\/v2\/media\/6544"}],"wp:attachment":[{"href":"https:\/\/frontrose.gay\/en\/wp-json\/wp\/v2\/media?parent=6352"}],"wp:term":[{"taxonomy":"category","embeddable":true,"href":"https:\/\/frontrose.gay\/en\/wp-json\/wp\/v2\/categories?post=6352"},{"taxonomy":"post_tag","embeddable":true,"href":"https:\/\/frontrose.gay\/en\/wp-json\/wp\/v2\/tags?post=6352"}],"curies":[{"name":"wp","href":"https:\/\/api.w.org\/{rel}","templated":true}]}}