{"id":6432,"date":"2025-04-04T19:25:13","date_gmt":"2025-04-04T19:25:13","guid":{"rendered":"https:\/\/frontrose.gay\/?p=6432"},"modified":"2025-04-22T22:21:36","modified_gmt":"2025-04-22T22:21:36","slug":"villanueva-17-ans-plus-tard","status":"publish","type":"post","link":"https:\/\/frontrose.gay\/en\/villanueva-17-ans-plus-tard\/","title":{"rendered":"Villanueva dix-sept ans plus tard"},"content":{"rendered":"<h5 class=\"wp-block-heading\"><strong><strong>Rien n&rsquo;a chang\u00e9 et le combat continue<\/strong><br><\/strong><\/h5>\n\n\n\n<p class=\"translation-block\"><em>By <a href=\"https:\/\/frontrose.gay\/en\/author\/louve-rose\/\" target=\"_self\">Louve Rose<\/a><\/em><\/p>\n\n\n\n<p><strong>Le 9 ao\u00fbt 2008, Fredy Villanueva est tu\u00e9 sous les balles de la police.<\/strong><br>Son assassinat par le SPVM sera suivi par des \u00e9meutes et la question suscitera de nombreux d\u00e9bats.<br><strong><br>Le 31 mars 2016, Bony Jean-Pierre meurt apr\u00e8s qu&rsquo;un policier lui ait tir\u00e9 dessus \u00e0 l&rsquo;aide d&rsquo;un projectile suppos\u00e9ment non l\u00e9tal alors qu&rsquo;il tentait de s&rsquo;\u00e9loigner.<\/strong> Une \u00e9meute \u00e9clate quelques jours plus tard. Des enqu\u00eates sont lanc\u00e9es.<br><br><strong>En juin 2020, une large manifestation, s&rsquo;inscrivant dans le mouvement global contre la police et le racisme ayant suivi l&rsquo;assassinat de George Floyd \u00e0 Minneapolis aux \u00c9tats-Unis, est organis\u00e9e au centre-ville de Montr\u00e9al.<\/strong> L&rsquo;intervention de l&rsquo;anti-\u00e9meute et l&rsquo;utilisation de gaz lacrymog\u00e8ne transforment la manifestation en \u00e9meute. Rapidement, l&rsquo;appareil politique et m\u00e9diatique lib\u00e9ral se met en marche pour pacifier le mouvement. On pr\u00e9tend que des efforts seront faits pour se pencher sur la question des violences polici\u00e8res.<\/p>\n\n\n\n<p><strong>Le 30 mars 2025, aux petites heures du matin, une intervention polici\u00e8re violente co\u00fbte la vie \u00e0 Abisay Cruz.<\/strong> Les violences polici\u00e8res sont document\u00e9es sur les m\u00e9dias sociaux. La veille, tard en soir\u00e9e, un autre homme perdait la vie aux mains de la police au centre-ville de Montr\u00e9al. Le m\u00eame jour, une troisi\u00e8me personne perd la vie alors qu&rsquo;elle est en d\u00e9tention \u00e0 Qu\u00e9bec. Les m\u00e9dias ne couvrent pratiquement pas l&rsquo;affaire.<br><br>Dix-sept ans apr\u00e8s la mort de Fredy, huit ans apr\u00e8s celle de Bony, cinq ans apr\u00e8s les soul\u00e8vements de 2020, <strong>tout ce qui a chang\u00e9, c&rsquo;est la banalisation du mal. La normalisation de la violence. <\/strong>Alors que les m\u00e9dias sociaux d\u00e9bordent d&rsquo;images montrant le harc\u00e8lement, la violence et l&rsquo;intimidation exerc\u00e9es par le SPVM et les constables de la STM, les m\u00e9dias choisissent de <a href=\"https:\/\/www.lapresse.ca\/actualites\/chroniques\/2025-03-27\/metro-de-montreal\/moins-de-flanage-et-43-plus-d-arrestations.php\">prendre le parti des interventions polici\u00e8res<\/a> \u2014 ou, plus simplement, de ne plus vouloir en parler. Le conseil municipal <a href=\"https:\/\/theconversation.com\/projet-montreal-continue-daugmenter-le-budget-de-son-service-de-police-voici-pourquoi-218570\">augmente le budget du SPVM \u00e0 hauteur de 40 millions<\/a> et <a href=\"https:\/\/www.lapresse.ca\/actualites\/grand-montreal\/2025-03-13\/metro\/fini-le-flanage.php\">met en place des r\u00e8glements pour faciliter le harc\u00e8lement et la r\u00e9pression des communaut\u00e9s itin\u00e9rantes<\/a>. Les manifestations pour la Palestine,<a href=\"https:\/\/thelinknewspaper.ca\/article\/trans-day-of-vengeance-demonstration-ends-in-irritant-spray-and-arrests\"> les droits trans<\/a>, les luttes syndicales, ou n&rsquo;importe quels autres sujets qui d\u00e9rangent le pouvoir, sont de plus en plus violemment r\u00e9prim\u00e9s.<\/p>\n\n\n\n<pre class=\"wp-block-code\"><code><em>J'ai pass\u00e9 mon adolescence dans l'est de Montr\u00e9al entre Mercier, Saint-L\u00e9onard, Nouveau-Rosemont, Saint-Michel et Hochelaga. Partout, c'\u00e9tait clair, et d'autant plus pour les ami<\/em>\u00b7<em>es immigr\u00e9es qui m'ont initi\u00e9 \u00e0 la politique de rue, que la police existe pour nous imposer sa terreur. Patrouille autour de l'\u00e9cole secondaire, harc\u00e8lement dans la rue, intimidation, profilage, interventions violentes, c'est toute la jeunesse des quartiers qui se faisait traiter comme un peuple sous occupation. J'ai dix ans de moins que Fredy. En dix ans rien n'avait chang\u00e9 dans le rapport des flics aux quartiers.<\/em><\/code><\/pre>\n\n\n\n<p>Loin de tout progr\u00e8s, un regard r\u00e9trospectif sur la s\u00e9quence d&rsquo;\u00e9v\u00e8nements ayant suivi la mort de Fredy Villanueva laisse entrevoir que c&rsquo;est la police qui a gagn\u00e9. Un policier, sous le couvert de l&rsquo;anonymat, avait d\u00e9clar\u00e9 \u00e0 l&rsquo;\u00e9poque :&nbsp; <a href=\"https:\/\/www.lapresse.ca\/debats\/chroniques\/200809\/08\/01-663033-des-policiers-sur-les-dents.php\">\u00ab on ne laisse plus rien passer \u00bb.<\/a> Force est de constater qu&rsquo;ils ont eu ce qu&rsquo;ils voulaient. Le support de la classe politique et de la majorit\u00e9 des m\u00e9dias pour le corps policier est sans \u00e9quivoque. Depuis 2020, l&rsquo;\u00e9pouvantail des gangs de rues, du trafic de stup\u00e9fiants et, plus r\u00e9cemment, de la \u00ab cohabitation&nbsp;\u00bb a servi \u00e0 l\u00e9gitimer une augmentation continue des d\u00e9penses&nbsp;\u2014 et de leur impunit\u00e9. La police <a href=\"https:\/\/thelinknewspaper.ca\/article\/editorial-the-press-pass-will-never-be-enough\">attaque les journalistes<\/a>, terrorise les communaut\u00e9s vuln\u00e9rables, <a href=\"https:\/\/www.ledevoir.com\/societe\/823950\/detresse-colere-campement-notre-dame\">d\u00e9mant\u00e8le les campements d&rsquo;itin\u00e9rants<\/a>, et continue d&rsquo;\u00eatre d\u00e9fendue, voire c\u00e9l\u00e9br\u00e9e pour ses actions. Le BEI suppos\u00e9 emp\u00eacher les bavures ouvre enqu\u00eate apr\u00e8s enqu\u00eate sans que les policiers n&rsquo;aient jamais \u00e0 s&rsquo;inqui\u00e9ter des cons\u00e9quences. Pire, le BEI publie des rapports qui ne font que r\u00e9p\u00e9ter les versions de la police.<\/p>\n\n\n\n<pre class=\"wp-block-code\"><code><em>\u00c0 chaque manifestation, mes proches me demandent de faire attention, de ne pas prendre trop de risques, de me prot\u00e9ger. Personne ne se dit que la police va bien se comporter. Je porte dans mon corps et mon esprit les cons\u00e9quences de 10 ans de brutalit\u00e9, de coups, de gaz, d'harc\u00e8lement. J'ai v\u00e9cu sous la peur des charges, en attente d'une sentence. Pourtant, je suis loin d'avoir v\u00e9cu le pire de la violence que ce syst\u00e8me a \u00e0 offrir. Qui pleure les orphelins de violences polici\u00e8res sur les grands plateaux t\u00e9l\u00e9 ? Qui,&nbsp;au parlement, s'insurge lorsque le bras arm\u00e9 de l'\u00e9tat assassine ? Combien de vies perdues sans preuves vid\u00e9o ? Combien de vies d\u00e9truites sous de fausses charges ? Combien d'assassins en uniforme ? Des bons p\u00e8res de famille banlieusards, arm\u00e9s et entrain\u00e9s, patrouillent nos rues en traitant nos voisin\u00b7es, ami\u00b7es et relations comme des menaces \u00e0 pacifier.<\/em><\/code><\/pre>\n\n\n\n<p><br>Les appels aux r\u00e9formes du corps policier, \u00e0 la responsabilisation de la classe politique, \u00e0 la d\u00e9mocratisation de la s\u00e9curit\u00e9, \u00e0 la surveillance citoyenne ne m\u00e8nent nulle part. La police&nbsp;\u2014&nbsp; qui agit comme une arm\u00e9e d&rsquo;occupation&nbsp;\u2014 traite les populations urbaines, immigrantes, pauvres, autochtones, queer et trans, de gauche, travailleuses du sexe, racis\u00e9es et la jeunesse comme des forces ennemies \u00e0 dominer et \u00e0 maitriser.&nbsp;<\/p>\n\n\n\n<pre class=\"wp-block-code\"><code><em>N'oublions pas que chaque mort, chaque bless\u00e9 est aussi un moyen pour la police d'instaurer la peur. Je n'y crois plus quand on nous dit que ce sont des accidents, des erreurs de parcours. \u00c7a fait partie du fonctionnement de la machine. La police veut qu'on la craigne. Pire, elle a besoin de la terreur pour fonctionner. Les meurtres et les bavures servent d'exemples, de spectacle pour chercher \u00e0 pacifier les esprits. Sert \u00e0 ce qu'un agent et son coll\u00e8gue se sentent \u00e0 l'aise d'intimider une douzaine de jeunes qui chillent dans un parc. Ils cultivent la terreur pour s'assurer de notre docilit\u00e9. Ils s'en foutent qu'on les filme. Ils agressent sur cam\u00e9ra, parfois le sourire aux l\u00e8vres. La paix sociale est maintenue par la terreur et rien d'autre.<\/em><\/code><\/pre>\n\n\n\n<p><br>Dix-sept ans apr\u00e8s Fredy, une chose est claire : on ne peut pas sauver la police. Le seul moyen d&rsquo;\u00e9viter les bavures, les violences, les morts et, plus g\u00e9n\u00e9ralement, le climat de terreur entretenu par la simple pr\u00e9sence polici\u00e8re, c&rsquo;est de faire changer la peur de camp. Il faut que le co\u00fbt politique et mat\u00e9riel associ\u00e9 \u00e0 de telles horreurs soit trop immense pour \u00eatre assum\u00e9 par la classe politique. De toute mani\u00e8re, nous ne serons jamais assez \u00ab sages \u00bb pour que les m\u00e9dias nous pr\u00e9f\u00e8rent \u00e0 la police. Dans ce contexte, assurons-nous de faire regretter aux dominants leurs violences. C&rsquo;est lorsque nous descendons dans la rue en masse, avec d\u00e9termination et solidarit\u00e9, que le changement devient possible ! Aujourd&rsquo;hui, pour Abisay Cruz. Mais demain, pour les autres.&nbsp;<\/p>\n\n\n\n<p>Organisons-nous localement pour que la police ne se sente \u00e0 l&rsquo;aise dans aucun quartier. Assurons-nous de soutenir les enjeux mat\u00e9riels, psychologiques et sociaux de nos voisin\u00b7es, et que tout le monde comprenne bien que la police est et restera toujours notre ennemi, \u00e0 toustes celleux qui luttent pour survivre face \u00e0 un syst\u00e8me qui tue et opprime. Il faut s&rsquo;unir au-del\u00e0 non seulement des pr\u00e9tendues fronti\u00e8res qui existent entre nos quartiers, mais aussi entre communaut\u00e9s immigrantes, autochtones et racis\u00e9es, queer et trans, entre personnes de la rue, prol\u00e9taires, militant\u00b7es de gauche et d&rsquo;extr\u00eame-gauche, entre militant\u00b7es palestinien\u00b7nes, syndicats et personnes de conscience. La police est notre ennemi commun, et face \u00e0 elle nous devons \u00eatre solidaires \u00e0 tout prix.<br><br>Il n&rsquo;y a pas de bonne police. Il n&rsquo;y a pas de bons oppresseurs. Il faut croire nos communaut\u00e9s et rendre leur syst\u00e8me obsol\u00e8te.<br><br>Honorons les morts et battons-nous f\u00e9rocement pour les (sur)vivant\u00b7es !<\/p>\n\n\n\n<blockquote class=\"wp-block-quote is-layout-flow wp-block-quote-is-layout-flow\">\n<p class=\"has-text-align-right has-black-color has-text-color has-link-color wp-elements-68f5b538ae4cfb223342d0cf48576daf\"><strong>You have to act as if it were possible to radically transform the world. And you have to do it all the time.<\/strong><br>&#8211; Angela Davis<\/p>\n<\/blockquote>\n\n\n\n<p><\/p>","protected":false},"excerpt":{"rendered":"<p>Villanueva dix-sept ans plus tard. Rien n&rsquo;a chang\u00e9 et le combat continue.<\/p>","protected":false},"author":2,"featured_media":6545,"comment_status":"open","ping_status":"open","sticky":false,"template":"","format":"standard","meta":{"colormag_page_layout":"default_layout","_jetpack_memberships_contains_paid_content":false,"footnotes":""},"categories":[114,111,108],"tags":[154,153,160,138,139,155,162,135,161,152],"class_list":["post-6432","post","type-post","status-publish","format-standard","has-post-thumbnail","hentry","category-actualite","category-commentaire","category-lutte","tag-abisay","tag-bei","tag-freddy-villanueva","tag-front-rose","tag-frontrose","tag-justice-pour-abisay","tag-louve-rose","tag-montreal","tag-villanueva","tag-violences-policieres"],"magazineBlocksPostFeaturedMedia":{"thumbnail":"https:\/\/frontrose.gay\/wp-content\/uploads\/2025\/04\/2-150x150.png","medium":"https:\/\/frontrose.gay\/wp-content\/uploads\/2025\/04\/2-300x148.png","medium_large":"https:\/\/frontrose.gay\/wp-content\/uploads\/2025\/04\/2-768x380.png","large":"https:\/\/frontrose.gay\/wp-content\/uploads\/2025\/04\/2.png","1536x1536":"https:\/\/frontrose.gay\/wp-content\/uploads\/2025\/04\/2.png","2048x2048":"https:\/\/frontrose.gay\/wp-content\/uploads\/2025\/04\/2.png","trp-custom-language-flag":"https:\/\/frontrose.gay\/wp-content\/uploads\/2025\/04\/2.png","colormag-highlighted-post":"https:\/\/frontrose.gay\/wp-content\/uploads\/2025\/04\/2-392x272.png","colormag-featured-post-medium":"https:\/\/frontrose.gay\/wp-content\/uploads\/2025\/04\/2-390x205.png","colormag-featured-post-small":"https:\/\/frontrose.gay\/wp-content\/uploads\/2025\/04\/2-130x90.png","colormag-featured-image":"https:\/\/frontrose.gay\/wp-content\/uploads\/2025\/04\/2-800x445.png","colormag-default-news":"https:\/\/frontrose.gay\/wp-content\/uploads\/2025\/04\/2-150x150.png","colormag-featured-image-large":"https:\/\/frontrose.gay\/wp-content\/uploads\/2025\/04\/2.png","colormag-elementor-block-extra-large-thumbnail":"https:\/\/frontrose.gay\/wp-content\/uploads\/2025\/04\/2.png","colormag-elementor-grid-large-thumbnail":"https:\/\/frontrose.gay\/wp-content\/uploads\/2025\/04\/2.png","colormag-elementor-grid-small-thumbnail":"https:\/\/frontrose.gay\/wp-content\/uploads\/2025\/04\/2.png","colormag-elementor-grid-medium-large-thumbnail":"https:\/\/frontrose.gay\/wp-content\/uploads\/2025\/04\/2.png","mailpoet_newsletter_max":"https:\/\/frontrose.gay\/wp-content\/uploads\/2025\/04\/2.png"},"magazineBlocksPostAuthor":{"name":"Louve Rose","avatar":"https:\/\/secure.gravatar.com\/avatar\/3ac8254a6bf118d2d536dc1fdb852a48d59d322b8a400b7e80713c487f407a43?s=96&d=blank&r=g"},"magazineBlocksPostCommentsNumber":"0","magazineBlocksPostExcerpt":"Villanueva dix-sept ans plus tard. Rien n'a chang\u00e9 et le combat continue.","magazineBlocksPostCategories":["Actualit\u00e9","Commentaire","Lutte"],"magazineBlocksPostViewCount":1426,"magazineBlocksPostReadTime":7,"magazine_blocks_featured_image_url":{"full":["https:\/\/frontrose.gay\/wp-content\/uploads\/2025\/04\/2.png",900,445,false],"medium":["https:\/\/frontrose.gay\/wp-content\/uploads\/2025\/04\/2-300x148.png",300,148,true],"thumbnail":["https:\/\/frontrose.gay\/wp-content\/uploads\/2025\/04\/2-150x150.png",150,150,true]},"magazine_blocks_author":{"display_name":"Louve Rose","author_link":"https:\/\/frontrose.gay\/en\/author\/louve-rose\/"},"magazine_blocks_comment":1,"magazine_blocks_author_image":"https:\/\/secure.gravatar.com\/avatar\/3ac8254a6bf118d2d536dc1fdb852a48d59d322b8a400b7e80713c487f407a43?s=96&d=blank&r=g","magazine_blocks_category":"<a href=\"#\" class=\"category-link category-link-114\">Actualit\u00e9<\/a> <a href=\"#\" class=\"category-link category-link-111\">Commentaire<\/a> <a href=\"#\" class=\"category-link category-link-108\">Lutte<\/a>","yoast_head":"<!-- This site is optimized with the Yoast SEO plugin v27.0 - https:\/\/yoast.com\/product\/yoast-seo-wordpress\/ -->\n<title>Villanueva dix-sept ans plus tard | Front Rose<\/title>\n<meta name=\"description\" content=\"Villanueva 17 ans plus tard. Le 9 ao\u00fbt 2008, Freddy Villanueva est tu\u00e9 sous les balles de la police.\" \/>\n<meta name=\"robots\" content=\"index, follow, max-snippet:-1, max-image-preview:large, max-video-preview:-1\" \/>\n<link rel=\"canonical\" href=\"https:\/\/frontrose.gay\/en\/villanueva-17-ans-plus-tard\/\" \/>\n<meta property=\"og:locale\" content=\"en_US\" \/>\n<meta property=\"og:type\" content=\"article\" \/>\n<meta property=\"og:title\" content=\"Villanueva dix-sept ans plus tard | Front Rose\" \/>\n<meta property=\"og:description\" content=\"Villanueva 17 ans plus tard. Le 9 ao\u00fbt 2008, Freddy Villanueva est tu\u00e9 sous les balles de la police.\" \/>\n<meta property=\"og:url\" content=\"https:\/\/frontrose.gay\/en\/villanueva-17-ans-plus-tard\/\" \/>\n<meta property=\"og:site_name\" content=\"Front Rose\" \/>\n<meta property=\"article:published_time\" content=\"2025-04-04T19:25:13+00:00\" \/>\n<meta property=\"article:modified_time\" content=\"2025-04-22T22:21:36+00:00\" \/>\n<meta property=\"og:image\" content=\"https:\/\/frontrose.gay\/wp-content\/uploads\/2025\/04\/2.png\" \/>\n\t<meta property=\"og:image:width\" content=\"900\" \/>\n\t<meta property=\"og:image:height\" content=\"445\" \/>\n\t<meta property=\"og:image:type\" content=\"image\/png\" \/>\n<meta name=\"author\" content=\"Louve Rose\" \/>\n<meta name=\"twitter:card\" content=\"summary_large_image\" \/>\n<meta name=\"twitter:label1\" content=\"Written by\" \/>\n\t<meta name=\"twitter:data1\" content=\"Louve Rose\" \/>\n\t<meta name=\"twitter:label2\" content=\"Est. reading time\" \/>\n\t<meta name=\"twitter:data2\" content=\"5 minutes\" \/>\n<script type=\"application\/ld+json\" class=\"yoast-schema-graph\">{\"@context\":\"https:\/\/schema.org\",\"@graph\":[{\"@type\":\"Article\",\"@id\":\"https:\/\/frontrose.gay\/villanueva-17-ans-plus-tard\/#article\",\"isPartOf\":{\"@id\":\"https:\/\/frontrose.gay\/villanueva-17-ans-plus-tard\/\"},\"author\":{\"name\":\"Louve Rose\",\"@id\":\"https:\/\/frontrose.gay\/#\/schema\/person\/2adca1ae6c979ac671389a900db514f7\"},\"headline\":\"Villanueva dix-sept ans plus tard\",\"datePublished\":\"2025-04-04T19:25:13+00:00\",\"dateModified\":\"2025-04-22T22:21:36+00:00\",\"mainEntityOfPage\":{\"@id\":\"https:\/\/frontrose.gay\/villanueva-17-ans-plus-tard\/\"},\"wordCount\":983,\"commentCount\":0,\"publisher\":{\"@id\":\"https:\/\/frontrose.gay\/#organization\"},\"image\":{\"@id\":\"https:\/\/frontrose.gay\/villanueva-17-ans-plus-tard\/#primaryimage\"},\"thumbnailUrl\":\"https:\/\/frontrose.gay\/wp-content\/uploads\/2025\/04\/2.png\",\"keywords\":[\"abisay\",\"bei\",\"freddy villanueva\",\"front rose\",\"frontrose\",\"justice pour abisay\",\"louve rose\",\"montreal\",\"villanueva\",\"violences policieres\"],\"articleSection\":[\"Actualit\u00e9\",\"Commentaire\",\"Lutte\"],\"inLanguage\":\"en-CA\",\"potentialAction\":[{\"@type\":\"CommentAction\",\"name\":\"Comment\",\"target\":[\"https:\/\/frontrose.gay\/villanueva-17-ans-plus-tard\/#respond\"]}]},{\"@type\":\"WebPage\",\"@id\":\"https:\/\/frontrose.gay\/villanueva-17-ans-plus-tard\/\",\"url\":\"https:\/\/frontrose.gay\/villanueva-17-ans-plus-tard\/\",\"name\":\"Villanueva dix-sept ans plus tard | Front Rose\",\"isPartOf\":{\"@id\":\"https:\/\/frontrose.gay\/#website\"},\"primaryImageOfPage\":{\"@id\":\"https:\/\/frontrose.gay\/villanueva-17-ans-plus-tard\/#primaryimage\"},\"image\":{\"@id\":\"https:\/\/frontrose.gay\/villanueva-17-ans-plus-tard\/#primaryimage\"},\"thumbnailUrl\":\"https:\/\/frontrose.gay\/wp-content\/uploads\/2025\/04\/2.png\",\"datePublished\":\"2025-04-04T19:25:13+00:00\",\"dateModified\":\"2025-04-22T22:21:36+00:00\",\"description\":\"Villanueva 17 ans plus tard. Le 9 ao\u00fbt 2008, Freddy Villanueva est tu\u00e9 sous les balles de la police.\",\"breadcrumb\":{\"@id\":\"https:\/\/frontrose.gay\/villanueva-17-ans-plus-tard\/#breadcrumb\"},\"inLanguage\":\"en-CA\",\"potentialAction\":[{\"@type\":\"ReadAction\",\"target\":[\"https:\/\/frontrose.gay\/villanueva-17-ans-plus-tard\/\"]}]},{\"@type\":\"ImageObject\",\"inLanguage\":\"en-CA\",\"@id\":\"https:\/\/frontrose.gay\/villanueva-17-ans-plus-tard\/#primaryimage\",\"url\":\"https:\/\/frontrose.gay\/wp-content\/uploads\/2025\/04\/2.png\",\"contentUrl\":\"https:\/\/frontrose.gay\/wp-content\/uploads\/2025\/04\/2.png\",\"width\":900,\"height\":445},{\"@type\":\"BreadcrumbList\",\"@id\":\"https:\/\/frontrose.gay\/villanueva-17-ans-plus-tard\/#breadcrumb\",\"itemListElement\":[{\"@type\":\"ListItem\",\"position\":1,\"name\":\"Home\",\"item\":\"https:\/\/frontrose.gay\/\"},{\"@type\":\"ListItem\",\"position\":2,\"name\":\"Villanueva dix-sept ans plus tard\"}]},{\"@type\":\"WebSite\",\"@id\":\"https:\/\/frontrose.gay\/#website\",\"url\":\"https:\/\/frontrose.gay\/\",\"name\":\"Front Rose\",\"description\":\"Front Rose n&#039;est pas un magazine de lifestyle queer\",\"publisher\":{\"@id\":\"https:\/\/frontrose.gay\/#organization\"},\"alternateName\":\"frontrose\",\"potentialAction\":[{\"@type\":\"SearchAction\",\"target\":{\"@type\":\"EntryPoint\",\"urlTemplate\":\"https:\/\/frontrose.gay\/?s={search_term_string}\"},\"query-input\":{\"@type\":\"PropertyValueSpecification\",\"valueRequired\":true,\"valueName\":\"search_term_string\"}}],\"inLanguage\":\"en-CA\"},{\"@type\":\"Organization\",\"@id\":\"https:\/\/frontrose.gay\/#organization\",\"name\":\"Front Rose\",\"alternateName\":\"frontrose\",\"url\":\"https:\/\/frontrose.gay\/\",\"logo\":{\"@type\":\"ImageObject\",\"inLanguage\":\"en-CA\",\"@id\":\"https:\/\/frontrose.gay\/#\/schema\/logo\/image\/\",\"url\":\"https:\/\/frontrose.gay\/wp-content\/uploads\/2025\/02\/cropped-cropped-cropped-cropped-frontrose_logo_web-2.png\",\"contentUrl\":\"https:\/\/frontrose.gay\/wp-content\/uploads\/2025\/02\/cropped-cropped-cropped-cropped-frontrose_logo_web-2.png\",\"width\":958,\"height\":196,\"caption\":\"Front Rose\"},\"image\":{\"@id\":\"https:\/\/frontrose.gay\/#\/schema\/logo\/image\/\"}},{\"@type\":\"Person\",\"@id\":\"https:\/\/frontrose.gay\/#\/schema\/person\/2adca1ae6c979ac671389a900db514f7\",\"name\":\"Louve Rose\",\"image\":{\"@type\":\"ImageObject\",\"inLanguage\":\"en-CA\",\"@id\":\"https:\/\/frontrose.gay\/#\/schema\/person\/image\/\",\"url\":\"https:\/\/secure.gravatar.com\/avatar\/3ac8254a6bf118d2d536dc1fdb852a48d59d322b8a400b7e80713c487f407a43?s=96&d=blank&r=g\",\"contentUrl\":\"https:\/\/secure.gravatar.com\/avatar\/3ac8254a6bf118d2d536dc1fdb852a48d59d322b8a400b7e80713c487f407a43?s=96&d=blank&r=g\",\"caption\":\"Louve Rose\"},\"url\":\"https:\/\/frontrose.gay\/en\/author\/louve-rose\/\"}]}<\/script>\n<!-- \/ Yoast SEO plugin. -->","yoast_head_json":{"title":"Villanueva dix-sept ans plus tard | Front Rose","description":"Villanueva 17 ans plus tard. Le 9 ao\u00fbt 2008, Freddy Villanueva est tu\u00e9 sous les balles de la police.","robots":{"index":"index","follow":"follow","max-snippet":"max-snippet:-1","max-image-preview":"max-image-preview:large","max-video-preview":"max-video-preview:-1"},"canonical":"https:\/\/frontrose.gay\/en\/villanueva-17-ans-plus-tard\/","og_locale":"en_US","og_type":"article","og_title":"Villanueva dix-sept ans plus tard | Front Rose","og_description":"Villanueva 17 ans plus tard. Le 9 ao\u00fbt 2008, Freddy Villanueva est tu\u00e9 sous les balles de la police.","og_url":"https:\/\/frontrose.gay\/en\/villanueva-17-ans-plus-tard\/","og_site_name":"Front Rose","article_published_time":"2025-04-04T19:25:13+00:00","article_modified_time":"2025-04-22T22:21:36+00:00","og_image":[{"width":900,"height":445,"url":"https:\/\/frontrose.gay\/wp-content\/uploads\/2025\/04\/2.png","type":"image\/png"}],"author":"Louve Rose","twitter_card":"summary_large_image","twitter_misc":{"Written by":"Louve Rose","Est. reading time":"5 minutes"},"schema":{"@context":"https:\/\/schema.org","@graph":[{"@type":"Article","@id":"https:\/\/frontrose.gay\/villanueva-17-ans-plus-tard\/#article","isPartOf":{"@id":"https:\/\/frontrose.gay\/villanueva-17-ans-plus-tard\/"},"author":{"name":"Louve Rose","@id":"https:\/\/frontrose.gay\/#\/schema\/person\/2adca1ae6c979ac671389a900db514f7"},"headline":"Villanueva dix-sept ans plus tard","datePublished":"2025-04-04T19:25:13+00:00","dateModified":"2025-04-22T22:21:36+00:00","mainEntityOfPage":{"@id":"https:\/\/frontrose.gay\/villanueva-17-ans-plus-tard\/"},"wordCount":983,"commentCount":0,"publisher":{"@id":"https:\/\/frontrose.gay\/#organization"},"image":{"@id":"https:\/\/frontrose.gay\/villanueva-17-ans-plus-tard\/#primaryimage"},"thumbnailUrl":"https:\/\/frontrose.gay\/wp-content\/uploads\/2025\/04\/2.png","keywords":["abisay","bei","freddy villanueva","front rose","frontrose","justice pour abisay","louve rose","montreal","villanueva","violences policieres"],"articleSection":["Actualit\u00e9","Commentaire","Lutte"],"inLanguage":"en-CA","potentialAction":[{"@type":"CommentAction","name":"Comment","target":["https:\/\/frontrose.gay\/villanueva-17-ans-plus-tard\/#respond"]}]},{"@type":"WebPage","@id":"https:\/\/frontrose.gay\/villanueva-17-ans-plus-tard\/","url":"https:\/\/frontrose.gay\/villanueva-17-ans-plus-tard\/","name":"Villanueva dix-sept ans plus tard | Front Rose","isPartOf":{"@id":"https:\/\/frontrose.gay\/#website"},"primaryImageOfPage":{"@id":"https:\/\/frontrose.gay\/villanueva-17-ans-plus-tard\/#primaryimage"},"image":{"@id":"https:\/\/frontrose.gay\/villanueva-17-ans-plus-tard\/#primaryimage"},"thumbnailUrl":"https:\/\/frontrose.gay\/wp-content\/uploads\/2025\/04\/2.png","datePublished":"2025-04-04T19:25:13+00:00","dateModified":"2025-04-22T22:21:36+00:00","description":"Villanueva 17 ans plus tard. Le 9 ao\u00fbt 2008, Freddy Villanueva est tu\u00e9 sous les balles de la police.","breadcrumb":{"@id":"https:\/\/frontrose.gay\/villanueva-17-ans-plus-tard\/#breadcrumb"},"inLanguage":"en-CA","potentialAction":[{"@type":"ReadAction","target":["https:\/\/frontrose.gay\/villanueva-17-ans-plus-tard\/"]}]},{"@type":"ImageObject","inLanguage":"en-CA","@id":"https:\/\/frontrose.gay\/villanueva-17-ans-plus-tard\/#primaryimage","url":"https:\/\/frontrose.gay\/wp-content\/uploads\/2025\/04\/2.png","contentUrl":"https:\/\/frontrose.gay\/wp-content\/uploads\/2025\/04\/2.png","width":900,"height":445},{"@type":"BreadcrumbList","@id":"https:\/\/frontrose.gay\/villanueva-17-ans-plus-tard\/#breadcrumb","itemListElement":[{"@type":"ListItem","position":1,"name":"Home","item":"https:\/\/frontrose.gay\/"},{"@type":"ListItem","position":2,"name":"Villanueva dix-sept ans plus tard"}]},{"@type":"WebSite","@id":"https:\/\/frontrose.gay\/#website","url":"https:\/\/frontrose.gay\/","name":"Front Rose","description":"Front Rose n&#039;est pas un magazine de lifestyle queer","publisher":{"@id":"https:\/\/frontrose.gay\/#organization"},"alternateName":"frontrose","potentialAction":[{"@type":"SearchAction","target":{"@type":"EntryPoint","urlTemplate":"https:\/\/frontrose.gay\/?s={search_term_string}"},"query-input":{"@type":"PropertyValueSpecification","valueRequired":true,"valueName":"search_term_string"}}],"inLanguage":"en-CA"},{"@type":"Organization","@id":"https:\/\/frontrose.gay\/#organization","name":"Front Rose","alternateName":"frontrose","url":"https:\/\/frontrose.gay\/","logo":{"@type":"ImageObject","inLanguage":"en-CA","@id":"https:\/\/frontrose.gay\/#\/schema\/logo\/image\/","url":"https:\/\/frontrose.gay\/wp-content\/uploads\/2025\/02\/cropped-cropped-cropped-cropped-frontrose_logo_web-2.png","contentUrl":"https:\/\/frontrose.gay\/wp-content\/uploads\/2025\/02\/cropped-cropped-cropped-cropped-frontrose_logo_web-2.png","width":958,"height":196,"caption":"Front Rose"},"image":{"@id":"https:\/\/frontrose.gay\/#\/schema\/logo\/image\/"}},{"@type":"Person","@id":"https:\/\/frontrose.gay\/#\/schema\/person\/2adca1ae6c979ac671389a900db514f7","name":"Louve Rose","image":{"@type":"ImageObject","inLanguage":"en-CA","@id":"https:\/\/frontrose.gay\/#\/schema\/person\/image\/","url":"https:\/\/secure.gravatar.com\/avatar\/3ac8254a6bf118d2d536dc1fdb852a48d59d322b8a400b7e80713c487f407a43?s=96&d=blank&r=g","contentUrl":"https:\/\/secure.gravatar.com\/avatar\/3ac8254a6bf118d2d536dc1fdb852a48d59d322b8a400b7e80713c487f407a43?s=96&d=blank&r=g","caption":"Louve Rose"},"url":"https:\/\/frontrose.gay\/en\/author\/louve-rose\/"}]}},"jetpack_featured_media_url":"https:\/\/frontrose.gay\/wp-content\/uploads\/2025\/04\/2.png","jetpack_sharing_enabled":true,"_links":{"self":[{"href":"https:\/\/frontrose.gay\/en\/wp-json\/wp\/v2\/posts\/6432","targetHints":{"allow":["GET"]}}],"collection":[{"href":"https:\/\/frontrose.gay\/en\/wp-json\/wp\/v2\/posts"}],"about":[{"href":"https:\/\/frontrose.gay\/en\/wp-json\/wp\/v2\/types\/post"}],"author":[{"embeddable":true,"href":"https:\/\/frontrose.gay\/en\/wp-json\/wp\/v2\/users\/2"}],"replies":[{"embeddable":true,"href":"https:\/\/frontrose.gay\/en\/wp-json\/wp\/v2\/comments?post=6432"}],"version-history":[{"count":11,"href":"https:\/\/frontrose.gay\/en\/wp-json\/wp\/v2\/posts\/6432\/revisions"}],"predecessor-version":[{"id":6532,"href":"https:\/\/frontrose.gay\/en\/wp-json\/wp\/v2\/posts\/6432\/revisions\/6532"}],"wp:featuredmedia":[{"embeddable":true,"href":"https:\/\/frontrose.gay\/en\/wp-json\/wp\/v2\/media\/6545"}],"wp:attachment":[{"href":"https:\/\/frontrose.gay\/en\/wp-json\/wp\/v2\/media?parent=6432"}],"wp:term":[{"taxonomy":"category","embeddable":true,"href":"https:\/\/frontrose.gay\/en\/wp-json\/wp\/v2\/categories?post=6432"},{"taxonomy":"post_tag","embeddable":true,"href":"https:\/\/frontrose.gay\/en\/wp-json\/wp\/v2\/tags?post=6432"}],"curies":[{"name":"wp","href":"https:\/\/api.w.org\/{rel}","templated":true}]}}