{"id":6459,"date":"2025-04-07T21:07:14","date_gmt":"2025-04-07T21:07:14","guid":{"rendered":"https:\/\/frontrose.gay\/?p=6459"},"modified":"2025-12-16T13:03:48","modified_gmt":"2025-12-16T13:03:48","slug":"violence-policiere-courage-populaire","status":"publish","type":"post","link":"https:\/\/frontrose.gay\/en\/violence-policiere-courage-populaire\/","title":{"rendered":"Une deuxi\u00e8me journ\u00e9e de manifestation pour Abisay Cruz\u00a0!"},"content":{"rendered":"<p class=\"translation-block\"><em>By <a href=\"https:\/\/frontrose.gay\/en\/author\/louve-rose\/\" target=\"_self\">Louve Rose<\/a><\/em><\/p>\n\n\n\n<h5 class=\"wp-block-heading\"><strong>Violences polici\u00e8res et courage populaire<\/strong><\/h5>\n\n\n\n<p>Pour la deuxi\u00e8me fois cette semaine, plusieurs centaines de personnes se sont r\u00e9unies dimanche apr\u00e8s-midi \u00e0 l&rsquo;appel de la famille et des proches d&rsquo;Abisay Cruz.<\/p>\n\n\n\n<p>Aux alentours de 16 h, les proches de la famille Cruz, accompagn\u00e9\u00b7es de plusieurs centaines de r\u00e9sident\u00b7es du quartier et de sympathisant\u00b7es, ont pris le boulevard Pie-IX vers le sud, apr\u00e8s quelques mots prononc\u00e9s par la famille d&rsquo;Abisay. <a href=\"https:\/\/frontrose.gay\/en\/justice-pour-abisay\/\">L&rsquo;\u00e9nergie \u00e9tait d&rsquo;autant plus f\u00e9brile que la manifestation de mardi avait mis en lumi\u00e8re la violence du SPVM et la d\u00e9termination des manifestant\u00b7es.<br><br><\/a>Pour rappel, le jeune homme de 29 ans a \u00e9t\u00e9 assassin\u00e9 une semaine plus t\u00f4t par des agents du SPVM. Plusieurs r\u00e9sident\u00b7es du quartier nous ont mentionn\u00e9 que les policiers impliqu\u00e9s \u00e9taient connus du quartier et avaient un historique de violence et de harc\u00e8lement. Toutes les personnes avec qui nous avons pu \u00e9changer ont partag\u00e9 une image tr\u00e8s positive du jeune homme.<\/p>\n\n\n\n<p>Nous mettons de l&rsquo;avant le regard positif de la communaut\u00e9 pour honorer la m\u00e9moire d&rsquo;Abisay Cruz et non pour op\u00e9rer une distinction entre les \u00ab\u00a0bonnes\u00a0\u00bb et les \u00ab\u00a0mauvaises\u00a0\u00bb victimes. Image positive ou non, les meurtres perp\u00e9tr\u00e9s par la police sont injustifiables.<\/p>\n\n\n\n<p>Rapidement, fumig\u00e8nes, feux d&rsquo;artifice et drapeaux se sont m\u00eal\u00e9s aux chants r\u00e9clamant \u00ab\u00a0Justice pour Abisay\u00a0\u00bb et aux slogans de type \u00ab\u00a0Flics, porcs, assassins\u00a0\u00bb et \u00ab\u00a0Tout le monde d\u00e9teste la police\u00a0\u00bb. La tension \u00e9tait palpable malgr\u00e9 les appels au calme. Un arr\u00eat devant le poste de quartier 30 a presque d\u00e9g\u00e9n\u00e9r\u00e9 en escarmouche avant que la manifestation ne reprenne vers le sud.<\/p>\n\n\n\n<figure class=\"wp-block-image aligncenter size-full\"><img fetchpriority=\"high\" decoding=\"async\" width=\"900\" height=\"445\" src=\"https:\/\/frontrose.gay\/wp-content\/uploads\/2025\/04\/8.png\" alt=\"\" class=\"wp-image-6461\" style=\"aspect-ratio:16\/9;object-fit:cover\" srcset=\"https:\/\/frontrose.gay\/wp-content\/uploads\/2025\/04\/8.png 900w, https:\/\/frontrose.gay\/wp-content\/uploads\/2025\/04\/8-300x148.png 300w, https:\/\/frontrose.gay\/wp-content\/uploads\/2025\/04\/8-768x380.png 768w\" sizes=\"(max-width: 900px) 100vw, 900px\" \/><figcaption class=\"wp-element-caption\">Manifestant\u00b7es confrontant une ligne d&rsquo;anti-\u00e9meute au croisement de Pie-IX et de l&rsquo;autoroute 40. Photo par The Purple Line (2025)<\/figcaption><\/figure>\n\n\n\n<p><a href=\"https:\/\/www.instagram.com\/p\/DIJiduEOWu0\/\">C&rsquo;est finalement \u00e0 l&rsquo;intersection de Pie-IX et de l&rsquo;autoroute m\u00e9tropolitaine que les policiers ont d\u00e9cid\u00e9 d&rsquo;intervenir apr\u00e8s que les manifestant\u00b7es aient r\u00e9ussi \u00e0 d\u00e9jouer les lignes d&rsquo;anti-\u00e9meute en escaladant une cl\u00f4ture pour se frayer un passage jusqu&rsquo;\u00e0 une bretelle d&rsquo;autoroute.<\/a><\/p>\n\n\n\n<figure class=\"wp-block-video aligncenter\"><video height=\"360\" style=\"aspect-ratio: 640 \/ 360;\" width=\"640\" autoplay controls preload=\"none\" src=\"https:\/\/frontrose.gay\/wp-content\/uploads\/2025\/04\/1.mp4\" playsinline><\/video><\/figure>\n\n\n\n<p><a href=\"https:\/\/www.instagram.com\/p\/DIIHUCEOHf_\/\">Une charge de policiers arm\u00e9s de boucliers et une pluie de lacrymog\u00e8nes ont dispers\u00e9 les manifestant\u00b7es, qui ont r\u00e9ussi \u00e0 quitter la bretelle o\u00f9 se trouvaient plusieurs v\u00e9hicules.<\/a> Pendant ce temps, les policiers en ont profit\u00e9 pour brutaliser les manifestant\u00b7es rest\u00e9\u00b7es \u00e0 l&rsquo;arri\u00e8re. <a href=\"https:\/\/www.instagram.com\/p\/DIIToO6usSL\/\">Trois d&rsquo;entre elleux ont \u00e9t\u00e9 violemment arr\u00eat\u00e9\u00b7es durant l&rsquo;op\u00e9ration. <\/a><a href=\"https:\/\/www.instagram.com\/p\/DIH00RpPlYL\/\">Plusieurs vid\u00e9os circulant sur les r\u00e9seaux montrent les policiers brutalisant des manifestants avec une violence absurde et des abus de pouvoir flagrants.<\/a><\/p>\n\n\n\n<p>Apr\u00e8s quelques minutes, les manifestant\u00b7es dispers\u00e9\u00b7es sont parvenu\u00b7es \u00e0 se regrouper et \u00e0 reprendre la rue malgr\u00e9 la pluie de lacrymog\u00e8nes et les charges r\u00e9p\u00e9t\u00e9es de l&rsquo;anti-\u00e9meute. S&rsquo;en est alors suivie une poursuite dans les rues r\u00e9sidentielles du quartier o\u00f9 des policiers \u00e0 v\u00e9lo traquaient les petits groupes de manifestant\u00b7es toujours en mouvement.<\/p>\n\n\n\n<figure class=\"wp-block-video\"><video height=\"360\" style=\"aspect-ratio: 640 \/ 360;\" width=\"640\" autoplay controls preload=\"none\" src=\"https:\/\/frontrose.gay\/wp-content\/uploads\/2025\/04\/2.mp4\" playsinline><\/video><\/figure>\n\n\n\n<p>Le d\u00e9ploiement de violence du SPVM n&rsquo;a pas r\u00e9ussi \u00e0 arr\u00eater les manifestant\u00b7es, qui ont d\u00e9jou\u00e9 \u00e0 plusieurs reprises le service de police. Ces-dernier\u00b7\u00e8res ont notamment r\u00e9ussi \u00e0 revenir en grand nombre aux coins de la 47e avenue et du boulevard Pie-IX, l\u00e0 o\u00f9 la manifestation avait commenc\u00e9. Plusieurs heures plus tard, des manifestant\u00b7es \u00e9taient toujours sur place pour soutenir la famille et d\u00e9noncer l&rsquo;injustice. Selon les diff\u00e9rentes sources avec qui nous nous sommes entretenu\u00b7es, on pourrait compter entre trois et treize arrestations \u00e0 l&rsquo;issue de cette manifestation.<\/p>\n\n\n\n<figure class=\"wp-block-image aligncenter size-full\"><img decoding=\"async\" width=\"900\" height=\"445\" src=\"https:\/\/frontrose.gay\/wp-content\/uploads\/2025\/04\/9.png\" alt=\"\" class=\"wp-image-6462\" style=\"aspect-ratio:16\/9;object-fit:cover\" srcset=\"https:\/\/frontrose.gay\/wp-content\/uploads\/2025\/04\/9.png 900w, https:\/\/frontrose.gay\/wp-content\/uploads\/2025\/04\/9-300x148.png 300w, https:\/\/frontrose.gay\/wp-content\/uploads\/2025\/04\/9-768x380.png 768w\" sizes=\"(max-width: 900px) 100vw, 900px\" \/><figcaption class=\"wp-element-caption\">Photo par The Purple Line (2025).<\/figcaption><\/figure>\n\n\n\n<p>Plusieurs manifestant\u00b7es se sont ensuite joint\u00b7es \u00e0 la vigile organis\u00e9e \u00e0 18 h au coin des rues Saint-Hubert et Maisonneuve qui visait \u00e0 honorer<a href=\"https:\/\/frontrose.gay\/en\/trois-morts-en-24-heures\/\"> les trois personnes tu\u00e9es en 24 heures par le SPVM et le SPVQ (dont Abisay)<\/a>. <a href=\"https:\/\/www.instagram.com\/p\/DIICL3oP_CV\/\">Cette vigile et manifestation a dur\u00e9 jusqu&rsquo;\u00e0 tard en soir\u00e9e malgr\u00e9 une tr\u00e8s forte pr\u00e9sence polici\u00e8re.<\/a><br><br>Ces deux \u00e9v\u00e9nements auront finalement eu raison du silence complice des m\u00e9dias qui ont enfin d\u00e9cid\u00e9, avec plusieurs jours de retard, de couvrir le meurtre d&rsquo;Abisay, et ce, apr\u00e8s avoir ignor\u00e9 pendant plus d&rsquo;une semaine l&rsquo;affaire. Ceci nous rappelle la n\u00e9cessit\u00e9 de sortir dans la rue et de brasser la cage pour \u00eatre entendu\u00b7es. Il reste beaucoup de chemin \u00e0 faire avant que le corps policier ne soit r\u00e9ellement tenu responsable, et une expansion du mouvement sera indispensable si nous esp\u00e9rons pouvoir mettre fin aux violences polici\u00e8res. Nous restons \u00e0 l&rsquo;aff\u00fbt des futures mobilisations !<\/p>","protected":false},"excerpt":{"rendered":"<p>Violence polici\u00e8re et courage populaire. Pour la deuxi\u00e8me fois cette semaine, plusieurs centaines de personnes se sont r\u00e9unies dimanche apr\u00e8s-midi \u00e0 l&rsquo;appel de la famille et des proches d&rsquo;Abisay Cruz.<\/p>","protected":false},"author":2,"featured_media":6542,"comment_status":"open","ping_status":"open","sticky":false,"template":"","format":"standard","meta":{"colormag_page_layout":"default_layout","_jetpack_memberships_contains_paid_content":false,"footnotes":""},"categories":[114,111],"tags":[154,153,138,139,155,135,116,152],"class_list":["post-6459","post","type-post","status-publish","format-standard","has-post-thumbnail","hentry","category-actualite","category-commentaire","tag-abisay","tag-bei","tag-front-rose","tag-frontrose","tag-justice-pour-abisay","tag-montreal","tag-politique","tag-violences-policieres"],"magazineBlocksPostFeaturedMedia":{"thumbnail":"https:\/\/frontrose.gay\/wp-content\/uploads\/2025\/04\/4-1-150x150.png","medium":"https:\/\/frontrose.gay\/wp-content\/uploads\/2025\/04\/4-1-300x148.png","medium_large":"https:\/\/frontrose.gay\/wp-content\/uploads\/2025\/04\/4-1-768x380.png","large":"https:\/\/frontrose.gay\/wp-content\/uploads\/2025\/04\/4-1.png","1536x1536":"https:\/\/frontrose.gay\/wp-content\/uploads\/2025\/04\/4-1.png","2048x2048":"https:\/\/frontrose.gay\/wp-content\/uploads\/2025\/04\/4-1.png","trp-custom-language-flag":"https:\/\/frontrose.gay\/wp-content\/uploads\/2025\/04\/4-1.png","colormag-highlighted-post":"https:\/\/frontrose.gay\/wp-content\/uploads\/2025\/04\/4-1-392x272.png","colormag-featured-post-medium":"https:\/\/frontrose.gay\/wp-content\/uploads\/2025\/04\/4-1-390x205.png","colormag-featured-post-small":"https:\/\/frontrose.gay\/wp-content\/uploads\/2025\/04\/4-1-130x90.png","colormag-featured-image":"https:\/\/frontrose.gay\/wp-content\/uploads\/2025\/04\/4-1-800x445.png","colormag-default-news":"https:\/\/frontrose.gay\/wp-content\/uploads\/2025\/04\/4-1-150x150.png","colormag-featured-image-large":"https:\/\/frontrose.gay\/wp-content\/uploads\/2025\/04\/4-1.png","colormag-elementor-block-extra-large-thumbnail":"https:\/\/frontrose.gay\/wp-content\/uploads\/2025\/04\/4-1.png","colormag-elementor-grid-large-thumbnail":"https:\/\/frontrose.gay\/wp-content\/uploads\/2025\/04\/4-1.png","colormag-elementor-grid-small-thumbnail":"https:\/\/frontrose.gay\/wp-content\/uploads\/2025\/04\/4-1.png","colormag-elementor-grid-medium-large-thumbnail":"https:\/\/frontrose.gay\/wp-content\/uploads\/2025\/04\/4-1.png","mailpoet_newsletter_max":"https:\/\/frontrose.gay\/wp-content\/uploads\/2025\/04\/4-1.png"},"magazineBlocksPostAuthor":{"name":"Louve Rose","avatar":"https:\/\/secure.gravatar.com\/avatar\/3ac8254a6bf118d2d536dc1fdb852a48d59d322b8a400b7e80713c487f407a43?s=96&d=blank&r=g"},"magazineBlocksPostCommentsNumber":"0","magazineBlocksPostExcerpt":"Violence polici\u00e8re et courage populaire. Pour la deuxi\u00e8me fois cette semaine, plusieurs centaines de personnes se sont r\u00e9unies dimanche apr\u00e8s-midi \u00e0 l'appel de la famille et des proches d'Abisay Cruz.","magazineBlocksPostCategories":["Actualit\u00e9","Commentaire"],"magazineBlocksPostViewCount":1434,"magazineBlocksPostReadTime":4,"magazine_blocks_featured_image_url":{"full":["https:\/\/frontrose.gay\/wp-content\/uploads\/2025\/04\/4-1.png",900,445,false],"medium":["https:\/\/frontrose.gay\/wp-content\/uploads\/2025\/04\/4-1-300x148.png",300,148,true],"thumbnail":["https:\/\/frontrose.gay\/wp-content\/uploads\/2025\/04\/4-1-150x150.png",150,150,true]},"magazine_blocks_author":{"display_name":"Louve Rose","author_link":"https:\/\/frontrose.gay\/en\/author\/louve-rose\/"},"magazine_blocks_comment":2,"magazine_blocks_author_image":"https:\/\/secure.gravatar.com\/avatar\/3ac8254a6bf118d2d536dc1fdb852a48d59d322b8a400b7e80713c487f407a43?s=96&d=blank&r=g","magazine_blocks_category":"<a href=\"#\" class=\"category-link category-link-114\">Actualit\u00e9<\/a> <a href=\"#\" class=\"category-link category-link-111\">Commentaire<\/a>","yoast_head":"<!-- This site is optimized with the Yoast SEO plugin v27.0 - https:\/\/yoast.com\/product\/yoast-seo-wordpress\/ -->\n<title>Une deuxi\u00e8me journ\u00e9e de manifestation pour Abisay Cruz\u00a0! | Front Rose<\/title>\n<meta name=\"description\" content=\"Pour la deuxi\u00e8me fois cette semaine, des centaines de personnes se sont r\u00e9unies dimanche \u00e0 l&#039;appel de la famille et des proches d&#039;Abisay.\" \/>\n<meta name=\"robots\" content=\"index, follow, max-snippet:-1, max-image-preview:large, max-video-preview:-1\" \/>\n<link rel=\"canonical\" href=\"https:\/\/frontrose.gay\/en\/violence-policiere-courage-populaire\/\" \/>\n<meta property=\"og:locale\" content=\"en_US\" \/>\n<meta property=\"og:type\" content=\"article\" \/>\n<meta property=\"og:title\" content=\"Une deuxi\u00e8me journ\u00e9e de manifestation pour Abisay Cruz\u00a0! | Front Rose\" \/>\n<meta property=\"og:description\" content=\"Pour la deuxi\u00e8me fois cette semaine, des centaines de personnes se sont r\u00e9unies dimanche \u00e0 l&#039;appel de la famille et des proches d&#039;Abisay.\" \/>\n<meta property=\"og:url\" content=\"https:\/\/frontrose.gay\/en\/violence-policiere-courage-populaire\/\" \/>\n<meta property=\"og:site_name\" content=\"Front Rose\" \/>\n<meta property=\"article:published_time\" content=\"2025-04-07T21:07:14+00:00\" \/>\n<meta property=\"article:modified_time\" content=\"2025-12-16T13:03:48+00:00\" \/>\n<meta property=\"og:image\" content=\"https:\/\/frontrose.gay\/wp-content\/uploads\/2025\/04\/4-1.png\" \/>\n\t<meta property=\"og:image:width\" content=\"900\" \/>\n\t<meta property=\"og:image:height\" content=\"445\" \/>\n\t<meta property=\"og:image:type\" content=\"image\/png\" \/>\n<meta name=\"author\" content=\"Louve Rose\" \/>\n<meta name=\"twitter:card\" content=\"summary_large_image\" \/>\n<meta name=\"twitter:label1\" content=\"Written by\" \/>\n\t<meta name=\"twitter:data1\" content=\"Louve Rose\" \/>\n\t<meta name=\"twitter:label2\" content=\"Est. reading time\" \/>\n\t<meta name=\"twitter:data2\" content=\"5 minutes\" \/>\n<script type=\"application\/ld+json\" class=\"yoast-schema-graph\">{\"@context\":\"https:\/\/schema.org\",\"@graph\":[{\"@type\":\"Article\",\"@id\":\"https:\/\/frontrose.gay\/violence-policiere-courage-populaire\/#article\",\"isPartOf\":{\"@id\":\"https:\/\/frontrose.gay\/violence-policiere-courage-populaire\/\"},\"author\":{\"name\":\"Louve Rose\",\"@id\":\"https:\/\/frontrose.gay\/#\/schema\/person\/2adca1ae6c979ac671389a900db514f7\"},\"headline\":\"Une deuxi\u00e8me journ\u00e9e de manifestation pour Abisay Cruz\u00a0!\",\"datePublished\":\"2025-04-07T21:07:14+00:00\",\"dateModified\":\"2025-12-16T13:03:48+00:00\",\"mainEntityOfPage\":{\"@id\":\"https:\/\/frontrose.gay\/violence-policiere-courage-populaire\/\"},\"wordCount\":770,\"commentCount\":0,\"publisher\":{\"@id\":\"https:\/\/frontrose.gay\/#organization\"},\"image\":{\"@id\":\"https:\/\/frontrose.gay\/violence-policiere-courage-populaire\/#primaryimage\"},\"thumbnailUrl\":\"https:\/\/frontrose.gay\/wp-content\/uploads\/2025\/04\/4-1.png\",\"keywords\":[\"abisay\",\"bei\",\"front rose\",\"frontrose\",\"justice pour abisay\",\"montreal\",\"politique\",\"violences policieres\"],\"articleSection\":[\"Actualit\u00e9\",\"Commentaire\"],\"inLanguage\":\"en-CA\",\"potentialAction\":[{\"@type\":\"CommentAction\",\"name\":\"Comment\",\"target\":[\"https:\/\/frontrose.gay\/violence-policiere-courage-populaire\/#respond\"]}]},{\"@type\":\"WebPage\",\"@id\":\"https:\/\/frontrose.gay\/violence-policiere-courage-populaire\/\",\"url\":\"https:\/\/frontrose.gay\/violence-policiere-courage-populaire\/\",\"name\":\"Une deuxi\u00e8me journ\u00e9e de manifestation pour Abisay Cruz\u00a0! | Front Rose\",\"isPartOf\":{\"@id\":\"https:\/\/frontrose.gay\/#website\"},\"primaryImageOfPage\":{\"@id\":\"https:\/\/frontrose.gay\/violence-policiere-courage-populaire\/#primaryimage\"},\"image\":{\"@id\":\"https:\/\/frontrose.gay\/violence-policiere-courage-populaire\/#primaryimage\"},\"thumbnailUrl\":\"https:\/\/frontrose.gay\/wp-content\/uploads\/2025\/04\/4-1.png\",\"datePublished\":\"2025-04-07T21:07:14+00:00\",\"dateModified\":\"2025-12-16T13:03:48+00:00\",\"description\":\"Pour la deuxi\u00e8me fois cette semaine, des centaines de personnes se sont r\u00e9unies dimanche \u00e0 l'appel de la famille et des proches d'Abisay.\",\"breadcrumb\":{\"@id\":\"https:\/\/frontrose.gay\/violence-policiere-courage-populaire\/#breadcrumb\"},\"inLanguage\":\"en-CA\",\"potentialAction\":[{\"@type\":\"ReadAction\",\"target\":[\"https:\/\/frontrose.gay\/violence-policiere-courage-populaire\/\"]}]},{\"@type\":\"ImageObject\",\"inLanguage\":\"en-CA\",\"@id\":\"https:\/\/frontrose.gay\/violence-policiere-courage-populaire\/#primaryimage\",\"url\":\"https:\/\/frontrose.gay\/wp-content\/uploads\/2025\/04\/4-1.png\",\"contentUrl\":\"https:\/\/frontrose.gay\/wp-content\/uploads\/2025\/04\/4-1.png\",\"width\":900,\"height\":445},{\"@type\":\"BreadcrumbList\",\"@id\":\"https:\/\/frontrose.gay\/violence-policiere-courage-populaire\/#breadcrumb\",\"itemListElement\":[{\"@type\":\"ListItem\",\"position\":1,\"name\":\"Home\",\"item\":\"https:\/\/frontrose.gay\/\"},{\"@type\":\"ListItem\",\"position\":2,\"name\":\"Une deuxi\u00e8me journ\u00e9e de manifestation pour Abisay Cruz\u00a0!\"}]},{\"@type\":\"WebSite\",\"@id\":\"https:\/\/frontrose.gay\/#website\",\"url\":\"https:\/\/frontrose.gay\/\",\"name\":\"Front Rose\",\"description\":\"Front Rose n&#039;est pas un magazine de lifestyle queer\",\"publisher\":{\"@id\":\"https:\/\/frontrose.gay\/#organization\"},\"alternateName\":\"frontrose\",\"potentialAction\":[{\"@type\":\"SearchAction\",\"target\":{\"@type\":\"EntryPoint\",\"urlTemplate\":\"https:\/\/frontrose.gay\/?s={search_term_string}\"},\"query-input\":{\"@type\":\"PropertyValueSpecification\",\"valueRequired\":true,\"valueName\":\"search_term_string\"}}],\"inLanguage\":\"en-CA\"},{\"@type\":\"Organization\",\"@id\":\"https:\/\/frontrose.gay\/#organization\",\"name\":\"Front Rose\",\"alternateName\":\"frontrose\",\"url\":\"https:\/\/frontrose.gay\/\",\"logo\":{\"@type\":\"ImageObject\",\"inLanguage\":\"en-CA\",\"@id\":\"https:\/\/frontrose.gay\/#\/schema\/logo\/image\/\",\"url\":\"https:\/\/frontrose.gay\/wp-content\/uploads\/2025\/02\/cropped-cropped-cropped-cropped-frontrose_logo_web-2.png\",\"contentUrl\":\"https:\/\/frontrose.gay\/wp-content\/uploads\/2025\/02\/cropped-cropped-cropped-cropped-frontrose_logo_web-2.png\",\"width\":958,\"height\":196,\"caption\":\"Front Rose\"},\"image\":{\"@id\":\"https:\/\/frontrose.gay\/#\/schema\/logo\/image\/\"}},{\"@type\":\"Person\",\"@id\":\"https:\/\/frontrose.gay\/#\/schema\/person\/2adca1ae6c979ac671389a900db514f7\",\"name\":\"Louve Rose\",\"image\":{\"@type\":\"ImageObject\",\"inLanguage\":\"en-CA\",\"@id\":\"https:\/\/frontrose.gay\/#\/schema\/person\/image\/\",\"url\":\"https:\/\/secure.gravatar.com\/avatar\/3ac8254a6bf118d2d536dc1fdb852a48d59d322b8a400b7e80713c487f407a43?s=96&d=blank&r=g\",\"contentUrl\":\"https:\/\/secure.gravatar.com\/avatar\/3ac8254a6bf118d2d536dc1fdb852a48d59d322b8a400b7e80713c487f407a43?s=96&d=blank&r=g\",\"caption\":\"Louve Rose\"},\"url\":\"https:\/\/frontrose.gay\/en\/author\/louve-rose\/\"}]}<\/script>\n<!-- \/ Yoast SEO plugin. -->","yoast_head_json":{"title":"Une deuxi\u00e8me journ\u00e9e de manifestation pour Abisay Cruz\u00a0! | Front Rose","description":"Pour la deuxi\u00e8me fois cette semaine, des centaines de personnes se sont r\u00e9unies dimanche \u00e0 l'appel de la famille et des proches d'Abisay.","robots":{"index":"index","follow":"follow","max-snippet":"max-snippet:-1","max-image-preview":"max-image-preview:large","max-video-preview":"max-video-preview:-1"},"canonical":"https:\/\/frontrose.gay\/en\/violence-policiere-courage-populaire\/","og_locale":"en_US","og_type":"article","og_title":"Une deuxi\u00e8me journ\u00e9e de manifestation pour Abisay Cruz\u00a0! | Front Rose","og_description":"Pour la deuxi\u00e8me fois cette semaine, des centaines de personnes se sont r\u00e9unies dimanche \u00e0 l'appel de la famille et des proches d'Abisay.","og_url":"https:\/\/frontrose.gay\/en\/violence-policiere-courage-populaire\/","og_site_name":"Front Rose","article_published_time":"2025-04-07T21:07:14+00:00","article_modified_time":"2025-12-16T13:03:48+00:00","og_image":[{"width":900,"height":445,"url":"https:\/\/frontrose.gay\/wp-content\/uploads\/2025\/04\/4-1.png","type":"image\/png"}],"author":"Louve Rose","twitter_card":"summary_large_image","twitter_misc":{"Written by":"Louve Rose","Est. reading time":"5 minutes"},"schema":{"@context":"https:\/\/schema.org","@graph":[{"@type":"Article","@id":"https:\/\/frontrose.gay\/violence-policiere-courage-populaire\/#article","isPartOf":{"@id":"https:\/\/frontrose.gay\/violence-policiere-courage-populaire\/"},"author":{"name":"Louve Rose","@id":"https:\/\/frontrose.gay\/#\/schema\/person\/2adca1ae6c979ac671389a900db514f7"},"headline":"Une deuxi\u00e8me journ\u00e9e de manifestation pour Abisay Cruz\u00a0!","datePublished":"2025-04-07T21:07:14+00:00","dateModified":"2025-12-16T13:03:48+00:00","mainEntityOfPage":{"@id":"https:\/\/frontrose.gay\/violence-policiere-courage-populaire\/"},"wordCount":770,"commentCount":0,"publisher":{"@id":"https:\/\/frontrose.gay\/#organization"},"image":{"@id":"https:\/\/frontrose.gay\/violence-policiere-courage-populaire\/#primaryimage"},"thumbnailUrl":"https:\/\/frontrose.gay\/wp-content\/uploads\/2025\/04\/4-1.png","keywords":["abisay","bei","front rose","frontrose","justice pour abisay","montreal","politique","violences policieres"],"articleSection":["Actualit\u00e9","Commentaire"],"inLanguage":"en-CA","potentialAction":[{"@type":"CommentAction","name":"Comment","target":["https:\/\/frontrose.gay\/violence-policiere-courage-populaire\/#respond"]}]},{"@type":"WebPage","@id":"https:\/\/frontrose.gay\/violence-policiere-courage-populaire\/","url":"https:\/\/frontrose.gay\/violence-policiere-courage-populaire\/","name":"Une deuxi\u00e8me journ\u00e9e de manifestation pour Abisay Cruz\u00a0! | Front Rose","isPartOf":{"@id":"https:\/\/frontrose.gay\/#website"},"primaryImageOfPage":{"@id":"https:\/\/frontrose.gay\/violence-policiere-courage-populaire\/#primaryimage"},"image":{"@id":"https:\/\/frontrose.gay\/violence-policiere-courage-populaire\/#primaryimage"},"thumbnailUrl":"https:\/\/frontrose.gay\/wp-content\/uploads\/2025\/04\/4-1.png","datePublished":"2025-04-07T21:07:14+00:00","dateModified":"2025-12-16T13:03:48+00:00","description":"Pour la deuxi\u00e8me fois cette semaine, des centaines de personnes se sont r\u00e9unies dimanche \u00e0 l'appel de la famille et des proches d'Abisay.","breadcrumb":{"@id":"https:\/\/frontrose.gay\/violence-policiere-courage-populaire\/#breadcrumb"},"inLanguage":"en-CA","potentialAction":[{"@type":"ReadAction","target":["https:\/\/frontrose.gay\/violence-policiere-courage-populaire\/"]}]},{"@type":"ImageObject","inLanguage":"en-CA","@id":"https:\/\/frontrose.gay\/violence-policiere-courage-populaire\/#primaryimage","url":"https:\/\/frontrose.gay\/wp-content\/uploads\/2025\/04\/4-1.png","contentUrl":"https:\/\/frontrose.gay\/wp-content\/uploads\/2025\/04\/4-1.png","width":900,"height":445},{"@type":"BreadcrumbList","@id":"https:\/\/frontrose.gay\/violence-policiere-courage-populaire\/#breadcrumb","itemListElement":[{"@type":"ListItem","position":1,"name":"Home","item":"https:\/\/frontrose.gay\/"},{"@type":"ListItem","position":2,"name":"Une deuxi\u00e8me journ\u00e9e de manifestation pour Abisay Cruz\u00a0!"}]},{"@type":"WebSite","@id":"https:\/\/frontrose.gay\/#website","url":"https:\/\/frontrose.gay\/","name":"Front Rose","description":"Front Rose n&#039;est pas un magazine de lifestyle queer","publisher":{"@id":"https:\/\/frontrose.gay\/#organization"},"alternateName":"frontrose","potentialAction":[{"@type":"SearchAction","target":{"@type":"EntryPoint","urlTemplate":"https:\/\/frontrose.gay\/?s={search_term_string}"},"query-input":{"@type":"PropertyValueSpecification","valueRequired":true,"valueName":"search_term_string"}}],"inLanguage":"en-CA"},{"@type":"Organization","@id":"https:\/\/frontrose.gay\/#organization","name":"Front Rose","alternateName":"frontrose","url":"https:\/\/frontrose.gay\/","logo":{"@type":"ImageObject","inLanguage":"en-CA","@id":"https:\/\/frontrose.gay\/#\/schema\/logo\/image\/","url":"https:\/\/frontrose.gay\/wp-content\/uploads\/2025\/02\/cropped-cropped-cropped-cropped-frontrose_logo_web-2.png","contentUrl":"https:\/\/frontrose.gay\/wp-content\/uploads\/2025\/02\/cropped-cropped-cropped-cropped-frontrose_logo_web-2.png","width":958,"height":196,"caption":"Front Rose"},"image":{"@id":"https:\/\/frontrose.gay\/#\/schema\/logo\/image\/"}},{"@type":"Person","@id":"https:\/\/frontrose.gay\/#\/schema\/person\/2adca1ae6c979ac671389a900db514f7","name":"Louve Rose","image":{"@type":"ImageObject","inLanguage":"en-CA","@id":"https:\/\/frontrose.gay\/#\/schema\/person\/image\/","url":"https:\/\/secure.gravatar.com\/avatar\/3ac8254a6bf118d2d536dc1fdb852a48d59d322b8a400b7e80713c487f407a43?s=96&d=blank&r=g","contentUrl":"https:\/\/secure.gravatar.com\/avatar\/3ac8254a6bf118d2d536dc1fdb852a48d59d322b8a400b7e80713c487f407a43?s=96&d=blank&r=g","caption":"Louve Rose"},"url":"https:\/\/frontrose.gay\/en\/author\/louve-rose\/"}]}},"jetpack_featured_media_url":"https:\/\/frontrose.gay\/wp-content\/uploads\/2025\/04\/4-1.png","jetpack_sharing_enabled":true,"_links":{"self":[{"href":"https:\/\/frontrose.gay\/en\/wp-json\/wp\/v2\/posts\/6459","targetHints":{"allow":["GET"]}}],"collection":[{"href":"https:\/\/frontrose.gay\/en\/wp-json\/wp\/v2\/posts"}],"about":[{"href":"https:\/\/frontrose.gay\/en\/wp-json\/wp\/v2\/types\/post"}],"author":[{"embeddable":true,"href":"https:\/\/frontrose.gay\/en\/wp-json\/wp\/v2\/users\/2"}],"replies":[{"embeddable":true,"href":"https:\/\/frontrose.gay\/en\/wp-json\/wp\/v2\/comments?post=6459"}],"version-history":[{"count":9,"href":"https:\/\/frontrose.gay\/en\/wp-json\/wp\/v2\/posts\/6459\/revisions"}],"predecessor-version":[{"id":7498,"href":"https:\/\/frontrose.gay\/en\/wp-json\/wp\/v2\/posts\/6459\/revisions\/7498"}],"wp:featuredmedia":[{"embeddable":true,"href":"https:\/\/frontrose.gay\/en\/wp-json\/wp\/v2\/media\/6542"}],"wp:attachment":[{"href":"https:\/\/frontrose.gay\/en\/wp-json\/wp\/v2\/media?parent=6459"}],"wp:term":[{"taxonomy":"category","embeddable":true,"href":"https:\/\/frontrose.gay\/en\/wp-json\/wp\/v2\/categories?post=6459"},{"taxonomy":"post_tag","embeddable":true,"href":"https:\/\/frontrose.gay\/en\/wp-json\/wp\/v2\/tags?post=6459"}],"curies":[{"name":"wp","href":"https:\/\/api.w.org\/{rel}","templated":true}]}}