{"id":7137,"date":"2025-07-24T14:43:08","date_gmt":"2025-07-24T14:43:08","guid":{"rendered":"https:\/\/frontrose.gay\/?p=7137"},"modified":"2025-08-05T14:05:00","modified_gmt":"2025-08-05T14:05:00","slug":"fierte-montreal-ne-nous-represente-pas","status":"publish","type":"post","link":"https:\/\/frontrose.gay\/en\/fierte-montreal-ne-nous-represente-pas\/","title":{"rendered":"Fiert\u00e9 Montr\u00e9al does not represent us"},"content":{"rendered":"\n<h5 class=\"wp-block-heading\"><strong>Tour d&rsquo;horizon de l&rsquo;opposition \u00e0 Fiert\u00e9 Montr\u00e9al<\/strong><\/h5>\n\n\n\n<p><strong>Montr\u00e9al, juillet 2025<\/strong> \u2013 Encore une fois, la saison des marches approche, et avec elle, son lot de contradictions. \u00c0 l\u2019heure o\u00f9 les drapeaux arc-en-ciel flottent fi\u00e8rement sur les vitrines des grandes cha\u00eenes, la col\u00e8re monte dans nos milieux. Ce que Fiert\u00e9 Montr\u00e9al pr\u00e9tend c\u00e9l\u00e9brer \u2014 nos vies, nos amours, nos luttes \u2014 est vid\u00e9 de tout sens dans une mise en sc\u00e8ne corporatiste o\u00f9 la police parade, o\u00f9 des commanditaires li\u00e9s \u00e0 des industries mortif\u00e8res s\u2019ach\u00e8tent une image progressiste, et o\u00f9 les voix les plus marginalis\u00e9es sont syst\u00e9matiquement \u00e9vacu\u00e9es.<\/p>\n\n\n\n<p>Mais cette ann\u00e9e encore, des forces s\u2019organisent. Nos communaut\u00e9s r\u00e9sistent. Nos fiert\u00e9s s\u2019indisciplinent<\/p>\n\n\n\n<h2 class=\"wp-block-heading\"><strong>Fiert\u00e9 Indomptable \/ Wild Pride : une alternative communautaire<\/strong><\/h2>\n\n\n\n<p>N\u00e9e d&rsquo;une critique forte <strong>de Fiert\u00e9 Montr\u00e9al<\/strong>, la <strong>Fiert\u00e9 Indomptable<\/strong>, mieux connue sous le nom de <strong><em>Wild Pride<\/em><\/strong>, se veut une r\u00e9ponse communautaire et sociale \u00e0 la fiert\u00e9 <em>mainstream<\/em>. Ce festival prendra place du 30 juillet au 18 ao\u00fbt et comprendra notamment une marche le 10 ao\u00fbt en parall\u00e8le de la marche traditionnelle de la Fiert\u00e9.<\/p>\n\n\n\n<p>Son objectif est de cr\u00e9er une pride d\u00e9di\u00e9e<a href=\"https:\/\/montreal.citynews.ca\/2025\/06\/03\/wild-pride-festival-montreal-2025\/\"> \u00ab aux personnes queer, trans, racis\u00e9es, musulmanes, juives, autochtones, handicap\u00e9es, neurodivergentes, sans domicile fixe, sans papiers, et \u00e0 beaucoup d&rsquo;autres \u00bb<\/a><a id=\"sdfootnote1anc\" href=\"#sdfootnote1sym\"><sup>1<\/sup><\/a>. Le collectif organisateur rejette les commandites commerciales et mise plut\u00f4t sur l\u2019autogestion, l\u2019acc\u00e8s libre, et des activit\u00e9s centr\u00e9es sur les communaut\u00e9s marginalis\u00e9es.\u00a0<em>Wild Pride\u00a0<\/em>se positionne dans la continuit\u00e9 des prises de positions de groupes militants et communautaires comme Helem Montr\u00e9al et Voix Juive Ind\u00e9pendante qui avaient d\u00e9nonc\u00e9 la complicit\u00e9 de Fiert\u00e9 Montr\u00e9al dans le <em>Pinkwashing <\/em>du g\u00e9nocide en Palestine et son traitement des communaut\u00e9s marginalis\u00e9.<a href=\"https:\/\/urbania.ca\/article\/des-organisations-queer-tournent-le-dos-a-fierte-montreal\">\u00a0Le collectif organisateur de la <em>Wild Pride <\/em>affirme d&rsquo;ailleurs clairement sa position anti-sioniste et en opposition au <em>Pinkwashing<\/em><\/a><em><a id=\"sdfootnote2anc\" href=\"#sdfootnote2sym\"><sup>2<\/sup><\/a>.<\/em><\/p>\n\n\n\n<p>Sans subventions gouvernementales ni partenaires commerciaux, la programmation de la Wild Pride s\u2019\u00e9tend sur pr\u00e8s de trois semaines. Elle inclut : spectacles, party, journ\u00e9es de soins collectifs, \u00e9v\u00e8nement antiracistes, activit\u00e9s interg\u00e9n\u00e9rationnelles et plus \u2014 le tout organis\u00e9 par et pour les communaut\u00e9s concern\u00e9es.<\/p>\n\n\n\n<h2 class=\"wp-block-heading\"><strong>Un retour en force pour une troisi\u00e8me \u00e9dition de la Rad Pride<\/strong><\/h2>\n\n\n\n<p>Parall\u00e8lement aux \u00e9v\u00e9nements officiels de Fiert\u00e9 Montr\u00e9al, une autre initiative gagne du terrain : la <strong>Rad Pride<\/strong>, organis\u00e9e par plusieurs groupes et militants, dont <strong>le<\/strong>&nbsp;<strong>P!nk Bloc MTL, <\/strong><strong>le FLIP, le TRAPS, la FAGS et OPEN Maisonneuve,<\/strong> revient pour une troisi\u00e8me ann\u00e9e cons\u00e9cutive.<\/p>\n\n\n\n<p>En juin dernier, les organisateur\u00b7rices ont lanc\u00e9 un <strong>appel public \u00e0 une troisi\u00e8me \u00e9dition de la Rad Pride<\/strong>, pr\u00e9vue pour le <strong>9 ao\u00fbt 2025 \u00e0 21h30<\/strong>, au Square \u00c9milie-Gamelin. L\u2019\u00e9v\u00e9nement, qui se d\u00e9crit comme une manifestation festive et politique, se positionne clairement en rupture avec les festivit\u00e9s institutionnelles.<\/p>\n\n\n\n<p>Depuis 2023, la Rad Pride prend la rue \u00e0 la veille du d\u00e9fil\u00e9 officiel pour offrir une alternative politique radicale \u00e0 la Fiert\u00e9 institutionnelle. L\u2019ann\u00e9e derni\u00e8re, cette manif a \u00e9t\u00e9 brutalement r\u00e9prim\u00e9e par le SPVM.<strong>M<\/strong><strong>atraques, arrestations et provocations cibl\u00e9es n\u2019ont <\/strong><strong>pourtant <\/strong><strong>pas emp\u00each\u00e9 <\/strong><strong>les manifestant\u00b7es de prendre le village pendant des heures. La manifestation s&rsquo;est termin\u00e9e en grand <\/strong><em><strong>dance party<\/strong><\/em><strong> de rue alors que la police abandonnait le village.<\/strong><\/p>\n\n\n\n<p><strong>Dans l\u2019appel publi\u00e9 sur le site <\/strong><em><strong>pink-bloc.info<\/strong><\/em><strong>,<\/strong> les organisateur\u00b7rices revendiquent <a href=\"https:\/\/pink-bloc.info\/2025\/06\/18\/appel-a-la-3e-rad-pride\/\">\u00ab une nuit o\u00f9 l\u2019autonomie est r\u00e9elle, o\u00f9 la joie devient une arme, o\u00f9 la fiert\u00e9 \u2014 la vraie \u2014 est dangereuse \u00bb <\/a>\u2014 un espace de contestation queer, explicitement anticapitaliste, anticolonialiste et farouchement oppos\u00e9 \u00e0 toute forme de partenariat avec les forces de l\u2019ordre ou les grandes entreprises.<\/p>\n\n\n\n<p><strong>Le texte a rapidement re\u00e7u un<\/strong> <strong>soutien important<\/strong> : plus d\u2019une trentaine de collectifs communautaires, \u00e9tudiants et militants, incluant <strong>Mubaadarat, Alternative Queer <\/strong><strong>UdeM<\/strong>, <strong>Euphorie dans le Genre<\/strong>, la <strong>Coalition<\/strong><strong> Defund la Police, <\/strong>le collectif<strong> D\u00e9sinvestir pour la Palestine<\/strong> ou encore <strong>Front Rose <\/strong>(le m\u00e9dia o\u00f9 vous lisez cet article), ont officiellement endoss\u00e9 l\u2019appel. Cette large adh\u00e9sion d\u00e9montre un <strong>rassemblement politique croissant<\/strong> autour de la Rad Pride, port\u00e9 par des pr\u00e9occupations partag\u00e9es : anti-capitalisme, opposition au pinkwashing et solidarit\u00e9 avec la Palestine, lutte contre la violence polici\u00e8re, antifascisme, mobilisation contre la mont\u00e9e de la transphobie et critique de la marchandisation de la fiert\u00e9.<\/p>\n\n\n\n<p><strong>\u00c0 mesure que les critiques envers Fiert\u00e9 Montr\u00e9al s\u2019intensifient, la Rad Pride s\u2019impose comme un point de convergence pour les franges les plus radicales et militantes du milieu queer montr\u00e9alais. <\/strong>Elle&nbsp;revendique une fiert\u00e9 profond\u00e9ment ancr\u00e9e dans la contestation sociale et le d\u00e9sir d\u2019un monde meilleur.<\/p>\n\n\n\n<h2 class=\"wp-block-heading\"><strong>Bris avec le communautaire<\/strong><\/h2>\n\n\n\n<p><a href=\"https:\/\/frontrose.gay\/une-lettre-ouverte-denonce-fierte\/\">Comme nous le mentionnions en mars dernier<\/a>, une coalition d\u2019organisme jeunesse LGBTQ+ avait coup\u00e9 les ponts avec le festival tandis qu\u2019une vari\u00e9t\u00e9 d\u2019autres organismes le d\u00e9non\u00e7ait. <strong>Cette tendance du communautaire \u00e0 rompre avec Fiert\u00e9 Montr\u00e9al n\u2019a fait que grandir, les organismes communautaires \u00e9tant d\u00e9sormais nombreux \u00e0 participer \u00e0 la <\/strong><em><strong>Wild Pride<\/strong><\/em><strong>o\u00f9 \u00e0 avoir sign\u00e9 l\u2019appel de la Rad Pride.<\/strong><\/p>\n\n\n\n<p>Est-ce qu\u2019un festival LGBTQ+ comme Fiert\u00e9 Montr\u00e9al peut vraiment maintenir une quelconque l\u00e9gitimit\u00e9 si les groupes communautaires l\u2019abandonnent massivement ? Sur quelles bases Fiert\u00e9 pourra-t-elle s\u2019appuyer pour pr\u00e9tendre repr\u00e9senter la communaut\u00e9 si la tendance se maintient ?<\/p>\n\n\n\n<h2 class=\"wp-block-heading\"><strong>Fiert\u00e9 Inc. <\/strong><strong>r\u00e9pond avec m\u00e9pris \u00e0 l\u2019opposition<\/strong><\/h2>\n\n\n\n<p>Face aux critiques croissantes, Fiert\u00e9 Montr\u00e9al multiplie les efforts de relations publiques. Le directeur g\u00e9n\u00e9ral, Simon Gamache, a publi\u00e9 une lettre ouverte dans le <a href=\"https:\/\/www.fugues.com\/2025\/02\/19\/fierte-montreal-ensemble-pour-ne-pas-reculer\/\">m\u00e9dia <em>Fugues<\/em><\/a> o\u00f9 il nomme les critiques du festival sans leur accorder de r\u00e9elles \u00e9coutes, refusant d\u2019adresser s\u00e9rieusement les critiques qui lui sont adress\u00e9es. Notamment, la lettre ne mentionne pas la collaboration entre Fiert\u00e9 et le SPVM pour mener une op\u00e9ration de brutalisation de militant\u00b7es queers l\u2019ann\u00e9e derni\u00e8re, lorsque ces dernier\u00b7\u00e8res bloquaient la marche pour d\u00e9noncer la complicit\u00e9 sioniste.&nbsp;Au passage, il sous-entend que ces critiques n\u2019auraient aucune source. Pire, le directeur g\u00e9n\u00e9ral du festival indique que \u00ab&nbsp; Le SPVM est un important alli\u00e9 op\u00e9rationnel et strat\u00e9gique de Fiert\u00e9 Montr\u00e9al. Nous apprenons l\u2019un de l\u2019autre, sans oublier les erreurs du pass\u00e9, afin d\u2019am\u00e9liorer le soutien aux communaut\u00e9s de la diversit\u00e9 sexuelle et de genre \u00bb<a id=\"sdfootnote3anc\" href=\"#sdfootnote3sym\"><sup>3<\/sup><\/a>.&nbsp;<\/p>\n\n\n\n<p><a href=\"https:\/\/pivot.quebec\/2025\/05\/06\/des-collectifs-queers-denoncent-la-fierte-pour-ses-pratiques-envers-ses-collaborateurs\/\">Dans une enqu\u00eate publi\u00e9e par Pivot<\/a>, plusieurs ancien\u00b7nes collaborateur\u00b7ices de Fiert\u00e9 affirment avoir \u00e9t\u00e9 instrumentalis\u00e9\u00b7es comme vitrines de diversit\u00e9, tout en \u00e9tant \u00e9cart\u00e9\u00b7es des d\u00e9cisions, mal pay\u00e9\u00b7es, ou r\u00e9prim\u00e9\u00b7es lorsqu\u2019ils ou elles d\u00e9non\u00e7aient les d\u00e9rives internes. Face \u00e0 ces accusations, Simon Gamache parle de \u00ab&nbsp;d\u00e9sinformations&nbsp;\u00bb.<\/p>\n\n\n\n<h2 class=\"wp-block-heading\"><strong>Un d\u00e9but ao\u00fbt qui s\u2019annonce charg\u00e9<\/strong><\/h2>\n\n\n\n<p>Entre la <em>Wild Pride, <\/em>la <em>Rad Pride,&nbsp;<\/em>et les autres initiatives spontan\u00e9es qui surgiront potentiellement contre Fiert\u00e9 Montr\u00e9al, le mois d\u2019ao\u00fbt s\u2019annonce charg\u00e9 en activit\u00e9s politiques, en conflictualit\u00e9 et en mobilisation pour les communaut\u00e9s queers. Cette mont\u00e9e en intensit\u00e9 est d\u2019autant plus cruciale dans un contexte dans lequel le gouvernement d\u00e9ploie une vague de projets de lois naus\u00e9abonds (notamment le projet C-2 et le PL97), qui font face \u00e0 des mobilisations croissantes. Esp\u00e9rons que cette \u00e9nergie se maintiendra au-del\u00e0 d\u2019ao\u00fbt pour une nouvelle ann\u00e9e chaude de lutte !<\/p>\n\n\n\n<p class=\"has-text-align-left\">[<a id=\"sdfootnote1sym\" href=\"#sdfootnote1anc\">1<\/a>]<a id=\"sdfootnote1sym\" href=\"#sdfootnote1anc\"> <\/a>Citynews<br>[<a id=\"sdfootnote2sym\" href=\"#sdfootnote2anc\">2<\/a>] Urbania<br>[<a id=\"sdfootnote3sym\" href=\"#sdfootnote3anc\">3<\/a>] Fugues<\/p>\n\n\n\n<p><\/p>\n","protected":false},"excerpt":{"rendered":"<p>Once again, marching season is upon us, and with it, its usual share of contradictions. As rainbow flags fly proudly in the windows of big-name chains, anger is rising in our communities. <\/p>","protected":false},"author":1,"featured_media":7138,"comment_status":"open","ping_status":"open","sticky":false,"template":"","format":"standard","meta":{"colormag_page_layout":"default_layout","_jetpack_memberships_contains_paid_content":false,"footnotes":""},"categories":[114,111,108],"tags":[134,144,138,139,267,135,132,116,133,312,313],"class_list":["post-7137","post","type-post","status-publish","format-standard","has-post-thumbnail","hentry","category-actualite","category-commentaire","category-lutte","tag-fierte","tag-fierte-2","tag-front-rose","tag-frontrose","tag-mois-de-la-fierte","tag-montreal","tag-palestine","tag-politique","tag-queer","tag-radpride","tag-wild-pride"],"magazineBlocksPostFeaturedMedia":{"thumbnail":"https:\/\/frontrose.gay\/wp-content\/uploads\/2025\/07\/Ajouter-un-titre-900-x-445-px7-150x150.png","medium":"https:\/\/frontrose.gay\/wp-content\/uploads\/2025\/07\/Ajouter-un-titre-900-x-445-px7-300x148.png","medium_large":"https:\/\/frontrose.gay\/wp-content\/uploads\/2025\/07\/Ajouter-un-titre-900-x-445-px7-768x380.png","large":"https:\/\/frontrose.gay\/wp-content\/uploads\/2025\/07\/Ajouter-un-titre-900-x-445-px7.png","1536x1536":"https:\/\/frontrose.gay\/wp-content\/uploads\/2025\/07\/Ajouter-un-titre-900-x-445-px7.png","2048x2048":"https:\/\/frontrose.gay\/wp-content\/uploads\/2025\/07\/Ajouter-un-titre-900-x-445-px7.png","trp-custom-language-flag":"https:\/\/frontrose.gay\/wp-content\/uploads\/2025\/07\/Ajouter-un-titre-900-x-445-px7-18x9.png","colormag-highlighted-post":"https:\/\/frontrose.gay\/wp-content\/uploads\/2025\/07\/Ajouter-un-titre-900-x-445-px7-392x272.png","colormag-featured-post-medium":"https:\/\/frontrose.gay\/wp-content\/uploads\/2025\/07\/Ajouter-un-titre-900-x-445-px7-390x205.png","colormag-featured-post-small":"https:\/\/frontrose.gay\/wp-content\/uploads\/2025\/07\/Ajouter-un-titre-900-x-445-px7-130x90.png","colormag-featured-image":"https:\/\/frontrose.gay\/wp-content\/uploads\/2025\/07\/Ajouter-un-titre-900-x-445-px7-800x445.png","colormag-default-news":"https:\/\/frontrose.gay\/wp-content\/uploads\/2025\/07\/Ajouter-un-titre-900-x-445-px7-150x150.png","colormag-featured-image-large":"https:\/\/frontrose.gay\/wp-content\/uploads\/2025\/07\/Ajouter-un-titre-900-x-445-px7.png","colormag-elementor-block-extra-large-thumbnail":"https:\/\/frontrose.gay\/wp-content\/uploads\/2025\/07\/Ajouter-un-titre-900-x-445-px7.png","colormag-elementor-grid-large-thumbnail":"https:\/\/frontrose.gay\/wp-content\/uploads\/2025\/07\/Ajouter-un-titre-900-x-445-px7.png","colormag-elementor-grid-small-thumbnail":"https:\/\/frontrose.gay\/wp-content\/uploads\/2025\/07\/Ajouter-un-titre-900-x-445-px7.png","colormag-elementor-grid-medium-large-thumbnail":"https:\/\/frontrose.gay\/wp-content\/uploads\/2025\/07\/Ajouter-un-titre-900-x-445-px7.png","mailpoet_newsletter_max":"https:\/\/frontrose.gay\/wp-content\/uploads\/2025\/07\/Ajouter-un-titre-900-x-445-px7.png"},"magazineBlocksPostAuthor":{"name":"Front Rose","avatar":"https:\/\/secure.gravatar.com\/avatar\/538a2f1aa4c43ebe553db8c07e2bfc5bdfca24c2817d2fd416ffe336cb23e0c1?s=96&d=blank&r=g"},"magazineBlocksPostCommentsNumber":"0","magazineBlocksPostExcerpt":"Encore une fois, la saison des marches approche, et avec elle, son lot de contradictions. \u00c0 l\u2019heure o\u00f9 les drapeaux arc-en-ciel flottent fi\u00e8rement sur les vitrines des grandes cha\u00eenes, la col\u00e8re monte dans nos milieux. ","magazineBlocksPostCategories":["Actualit\u00e9","Commentaire","Lutte"],"magazineBlocksPostViewCount":2476,"magazineBlocksPostReadTime":7,"magazine_blocks_featured_image_url":{"full":["https:\/\/frontrose.gay\/wp-content\/uploads\/2025\/07\/Ajouter-un-titre-900-x-445-px7.png",900,445,false],"medium":["https:\/\/frontrose.gay\/wp-content\/uploads\/2025\/07\/Ajouter-un-titre-900-x-445-px7-300x148.png",300,148,true],"thumbnail":["https:\/\/frontrose.gay\/wp-content\/uploads\/2025\/07\/Ajouter-un-titre-900-x-445-px7-150x150.png",150,150,true]},"magazine_blocks_author":{"display_name":"Front Rose","author_link":"https:\/\/frontrose.gay\/en\/author\/douxdoux\/"},"magazine_blocks_comment":4,"magazine_blocks_author_image":"https:\/\/secure.gravatar.com\/avatar\/538a2f1aa4c43ebe553db8c07e2bfc5bdfca24c2817d2fd416ffe336cb23e0c1?s=96&d=blank&r=g","magazine_blocks_category":"<a href=\"#\" class=\"category-link category-link-114\">Actualit\u00e9<\/a> <a href=\"#\" class=\"category-link category-link-111\">Commentaire<\/a> <a href=\"#\" class=\"category-link category-link-108\">Lutte<\/a>","yoast_head":"<!-- This site is optimized with the Yoast SEO plugin v27.0 - https:\/\/yoast.com\/product\/yoast-seo-wordpress\/ -->\n<title>Fiert\u00e9 Montr\u00e9al ne nous repr\u00e9sente pas - Front Rose<\/title>\n<meta name=\"description\" content=\"Fiert\u00e9 Montr\u00e9al ne nous repr\u00e9sente pas. Tour d&#039;horizon de l&#039;opposition \u00e0 Fiert\u00e9 Montr\u00e9al.\" \/>\n<meta name=\"robots\" content=\"index, follow, max-snippet:-1, max-image-preview:large, max-video-preview:-1\" \/>\n<link rel=\"canonical\" href=\"https:\/\/frontrose.gay\/en\/fierte-montreal-ne-nous-represente-pas\/\" \/>\n<meta property=\"og:locale\" content=\"en_US\" \/>\n<meta property=\"og:type\" content=\"article\" \/>\n<meta property=\"og:title\" content=\"Fiert\u00e9 Montr\u00e9al ne nous repr\u00e9sente pas - Front Rose\" \/>\n<meta property=\"og:description\" content=\"Fiert\u00e9 Montr\u00e9al ne nous repr\u00e9sente pas. Tour d&#039;horizon de l&#039;opposition \u00e0 Fiert\u00e9 Montr\u00e9al.\" \/>\n<meta property=\"og:url\" content=\"https:\/\/frontrose.gay\/en\/fierte-montreal-ne-nous-represente-pas\/\" \/>\n<meta property=\"og:site_name\" content=\"Front Rose\" \/>\n<meta property=\"article:published_time\" content=\"2025-07-24T14:43:08+00:00\" \/>\n<meta property=\"article:modified_time\" content=\"2025-08-05T14:05:00+00:00\" \/>\n<meta property=\"og:image\" content=\"https:\/\/frontrose.gay\/wp-content\/uploads\/2025\/07\/Ajouter-un-titre-900-x-445-px7.png\" \/>\n\t<meta property=\"og:image:width\" content=\"900\" \/>\n\t<meta property=\"og:image:height\" content=\"445\" \/>\n\t<meta property=\"og:image:type\" content=\"image\/png\" \/>\n<meta name=\"author\" content=\"Front Rose\" \/>\n<meta name=\"twitter:card\" content=\"summary_large_image\" \/>\n<meta name=\"twitter:label1\" content=\"Written by\" \/>\n\t<meta name=\"twitter:data1\" content=\"Front Rose\" \/>\n\t<meta name=\"twitter:label2\" content=\"Est. reading time\" \/>\n\t<meta name=\"twitter:data2\" content=\"6 minutes\" \/>\n<script type=\"application\/ld+json\" class=\"yoast-schema-graph\">{\"@context\":\"https:\/\/schema.org\",\"@graph\":[{\"@type\":\"Article\",\"@id\":\"https:\/\/frontrose.gay\/fierte-montreal-ne-nous-represente-pas\/#article\",\"isPartOf\":{\"@id\":\"https:\/\/frontrose.gay\/fierte-montreal-ne-nous-represente-pas\/\"},\"author\":{\"name\":\"Front Rose\",\"@id\":\"https:\/\/frontrose.gay\/#\/schema\/person\/03179793fd56c0e243a42f079e94e9cb\"},\"headline\":\"Fiert\u00e9 Montr\u00e9al ne nous repr\u00e9sente pas\",\"datePublished\":\"2025-07-24T14:43:08+00:00\",\"dateModified\":\"2025-08-05T14:05:00+00:00\",\"mainEntityOfPage\":{\"@id\":\"https:\/\/frontrose.gay\/fierte-montreal-ne-nous-represente-pas\/\"},\"wordCount\":1260,\"commentCount\":0,\"publisher\":{\"@id\":\"https:\/\/frontrose.gay\/#organization\"},\"image\":{\"@id\":\"https:\/\/frontrose.gay\/fierte-montreal-ne-nous-represente-pas\/#primaryimage\"},\"thumbnailUrl\":\"https:\/\/frontrose.gay\/wp-content\/uploads\/2025\/07\/Ajouter-un-titre-900-x-445-px7.png\",\"keywords\":[\"fierte\",\"fiert\u00e9\",\"front rose\",\"frontrose\",\"mois de la fiert\u00e9\",\"montreal\",\"palestine\",\"politique\",\"queer\",\"radpride\",\"wild pride\"],\"articleSection\":[\"Actualit\u00e9\",\"Commentaire\",\"Lutte\"],\"inLanguage\":\"en-CA\",\"potentialAction\":[{\"@type\":\"CommentAction\",\"name\":\"Comment\",\"target\":[\"https:\/\/frontrose.gay\/fierte-montreal-ne-nous-represente-pas\/#respond\"]}]},{\"@type\":\"WebPage\",\"@id\":\"https:\/\/frontrose.gay\/fierte-montreal-ne-nous-represente-pas\/\",\"url\":\"https:\/\/frontrose.gay\/fierte-montreal-ne-nous-represente-pas\/\",\"name\":\"Fiert\u00e9 Montr\u00e9al ne nous repr\u00e9sente pas - Front Rose\",\"isPartOf\":{\"@id\":\"https:\/\/frontrose.gay\/#website\"},\"primaryImageOfPage\":{\"@id\":\"https:\/\/frontrose.gay\/fierte-montreal-ne-nous-represente-pas\/#primaryimage\"},\"image\":{\"@id\":\"https:\/\/frontrose.gay\/fierte-montreal-ne-nous-represente-pas\/#primaryimage\"},\"thumbnailUrl\":\"https:\/\/frontrose.gay\/wp-content\/uploads\/2025\/07\/Ajouter-un-titre-900-x-445-px7.png\",\"datePublished\":\"2025-07-24T14:43:08+00:00\",\"dateModified\":\"2025-08-05T14:05:00+00:00\",\"description\":\"Fiert\u00e9 Montr\u00e9al ne nous repr\u00e9sente pas. Tour d'horizon de l'opposition \u00e0 Fiert\u00e9 Montr\u00e9al.\",\"breadcrumb\":{\"@id\":\"https:\/\/frontrose.gay\/fierte-montreal-ne-nous-represente-pas\/#breadcrumb\"},\"inLanguage\":\"en-CA\",\"potentialAction\":[{\"@type\":\"ReadAction\",\"target\":[\"https:\/\/frontrose.gay\/fierte-montreal-ne-nous-represente-pas\/\"]}]},{\"@type\":\"ImageObject\",\"inLanguage\":\"en-CA\",\"@id\":\"https:\/\/frontrose.gay\/fierte-montreal-ne-nous-represente-pas\/#primaryimage\",\"url\":\"https:\/\/frontrose.gay\/wp-content\/uploads\/2025\/07\/Ajouter-un-titre-900-x-445-px7.png\",\"contentUrl\":\"https:\/\/frontrose.gay\/wp-content\/uploads\/2025\/07\/Ajouter-un-titre-900-x-445-px7.png\",\"width\":900,\"height\":445},{\"@type\":\"BreadcrumbList\",\"@id\":\"https:\/\/frontrose.gay\/fierte-montreal-ne-nous-represente-pas\/#breadcrumb\",\"itemListElement\":[{\"@type\":\"ListItem\",\"position\":1,\"name\":\"Home\",\"item\":\"https:\/\/frontrose.gay\/\"},{\"@type\":\"ListItem\",\"position\":2,\"name\":\"Fiert\u00e9 Montr\u00e9al ne nous repr\u00e9sente pas\"}]},{\"@type\":\"WebSite\",\"@id\":\"https:\/\/frontrose.gay\/#website\",\"url\":\"https:\/\/frontrose.gay\/\",\"name\":\"Front Rose\",\"description\":\"Front Rose n&#039;est pas un magazine de lifestyle queer\",\"publisher\":{\"@id\":\"https:\/\/frontrose.gay\/#organization\"},\"alternateName\":\"frontrose\",\"potentialAction\":[{\"@type\":\"SearchAction\",\"target\":{\"@type\":\"EntryPoint\",\"urlTemplate\":\"https:\/\/frontrose.gay\/?s={search_term_string}\"},\"query-input\":{\"@type\":\"PropertyValueSpecification\",\"valueRequired\":true,\"valueName\":\"search_term_string\"}}],\"inLanguage\":\"en-CA\"},{\"@type\":\"Organization\",\"@id\":\"https:\/\/frontrose.gay\/#organization\",\"name\":\"Front Rose\",\"alternateName\":\"frontrose\",\"url\":\"https:\/\/frontrose.gay\/\",\"logo\":{\"@type\":\"ImageObject\",\"inLanguage\":\"en-CA\",\"@id\":\"https:\/\/frontrose.gay\/#\/schema\/logo\/image\/\",\"url\":\"https:\/\/frontrose.gay\/wp-content\/uploads\/2025\/02\/cropped-cropped-cropped-cropped-frontrose_logo_web-2.png\",\"contentUrl\":\"https:\/\/frontrose.gay\/wp-content\/uploads\/2025\/02\/cropped-cropped-cropped-cropped-frontrose_logo_web-2.png\",\"width\":958,\"height\":196,\"caption\":\"Front Rose\"},\"image\":{\"@id\":\"https:\/\/frontrose.gay\/#\/schema\/logo\/image\/\"}},{\"@type\":\"Person\",\"@id\":\"https:\/\/frontrose.gay\/#\/schema\/person\/03179793fd56c0e243a42f079e94e9cb\",\"name\":\"Front Rose\",\"image\":{\"@type\":\"ImageObject\",\"inLanguage\":\"en-CA\",\"@id\":\"https:\/\/frontrose.gay\/#\/schema\/person\/image\/\",\"url\":\"https:\/\/secure.gravatar.com\/avatar\/538a2f1aa4c43ebe553db8c07e2bfc5bdfca24c2817d2fd416ffe336cb23e0c1?s=96&d=blank&r=g\",\"contentUrl\":\"https:\/\/secure.gravatar.com\/avatar\/538a2f1aa4c43ebe553db8c07e2bfc5bdfca24c2817d2fd416ffe336cb23e0c1?s=96&d=blank&r=g\",\"caption\":\"Front Rose\"},\"sameAs\":[\"http:\/\/frontrose.gay\"],\"url\":\"https:\/\/frontrose.gay\/en\/author\/douxdoux\/\"}]}<\/script>\n<!-- \/ Yoast SEO plugin. -->","yoast_head_json":{"title":"Fiert\u00e9 Montr\u00e9al ne nous repr\u00e9sente pas - Front Rose","description":"Fiert\u00e9 Montr\u00e9al ne nous repr\u00e9sente pas. Tour d'horizon de l'opposition \u00e0 Fiert\u00e9 Montr\u00e9al.","robots":{"index":"index","follow":"follow","max-snippet":"max-snippet:-1","max-image-preview":"max-image-preview:large","max-video-preview":"max-video-preview:-1"},"canonical":"https:\/\/frontrose.gay\/en\/fierte-montreal-ne-nous-represente-pas\/","og_locale":"en_US","og_type":"article","og_title":"Fiert\u00e9 Montr\u00e9al ne nous repr\u00e9sente pas - Front Rose","og_description":"Fiert\u00e9 Montr\u00e9al ne nous repr\u00e9sente pas. Tour d'horizon de l'opposition \u00e0 Fiert\u00e9 Montr\u00e9al.","og_url":"https:\/\/frontrose.gay\/en\/fierte-montreal-ne-nous-represente-pas\/","og_site_name":"Front Rose","article_published_time":"2025-07-24T14:43:08+00:00","article_modified_time":"2025-08-05T14:05:00+00:00","og_image":[{"width":900,"height":445,"url":"https:\/\/frontrose.gay\/wp-content\/uploads\/2025\/07\/Ajouter-un-titre-900-x-445-px7.png","type":"image\/png"}],"author":"Front Rose","twitter_card":"summary_large_image","twitter_misc":{"Written by":"Front Rose","Est. reading time":"6 minutes"},"schema":{"@context":"https:\/\/schema.org","@graph":[{"@type":"Article","@id":"https:\/\/frontrose.gay\/fierte-montreal-ne-nous-represente-pas\/#article","isPartOf":{"@id":"https:\/\/frontrose.gay\/fierte-montreal-ne-nous-represente-pas\/"},"author":{"name":"Front Rose","@id":"https:\/\/frontrose.gay\/#\/schema\/person\/03179793fd56c0e243a42f079e94e9cb"},"headline":"Fiert\u00e9 Montr\u00e9al ne nous repr\u00e9sente pas","datePublished":"2025-07-24T14:43:08+00:00","dateModified":"2025-08-05T14:05:00+00:00","mainEntityOfPage":{"@id":"https:\/\/frontrose.gay\/fierte-montreal-ne-nous-represente-pas\/"},"wordCount":1260,"commentCount":0,"publisher":{"@id":"https:\/\/frontrose.gay\/#organization"},"image":{"@id":"https:\/\/frontrose.gay\/fierte-montreal-ne-nous-represente-pas\/#primaryimage"},"thumbnailUrl":"https:\/\/frontrose.gay\/wp-content\/uploads\/2025\/07\/Ajouter-un-titre-900-x-445-px7.png","keywords":["fierte","fiert\u00e9","front rose","frontrose","mois de la fiert\u00e9","montreal","palestine","politique","queer","radpride","wild pride"],"articleSection":["Actualit\u00e9","Commentaire","Lutte"],"inLanguage":"en-CA","potentialAction":[{"@type":"CommentAction","name":"Comment","target":["https:\/\/frontrose.gay\/fierte-montreal-ne-nous-represente-pas\/#respond"]}]},{"@type":"WebPage","@id":"https:\/\/frontrose.gay\/fierte-montreal-ne-nous-represente-pas\/","url":"https:\/\/frontrose.gay\/fierte-montreal-ne-nous-represente-pas\/","name":"Fiert\u00e9 Montr\u00e9al ne nous repr\u00e9sente pas - Front Rose","isPartOf":{"@id":"https:\/\/frontrose.gay\/#website"},"primaryImageOfPage":{"@id":"https:\/\/frontrose.gay\/fierte-montreal-ne-nous-represente-pas\/#primaryimage"},"image":{"@id":"https:\/\/frontrose.gay\/fierte-montreal-ne-nous-represente-pas\/#primaryimage"},"thumbnailUrl":"https:\/\/frontrose.gay\/wp-content\/uploads\/2025\/07\/Ajouter-un-titre-900-x-445-px7.png","datePublished":"2025-07-24T14:43:08+00:00","dateModified":"2025-08-05T14:05:00+00:00","description":"Fiert\u00e9 Montr\u00e9al ne nous repr\u00e9sente pas. Tour d'horizon de l'opposition \u00e0 Fiert\u00e9 Montr\u00e9al.","breadcrumb":{"@id":"https:\/\/frontrose.gay\/fierte-montreal-ne-nous-represente-pas\/#breadcrumb"},"inLanguage":"en-CA","potentialAction":[{"@type":"ReadAction","target":["https:\/\/frontrose.gay\/fierte-montreal-ne-nous-represente-pas\/"]}]},{"@type":"ImageObject","inLanguage":"en-CA","@id":"https:\/\/frontrose.gay\/fierte-montreal-ne-nous-represente-pas\/#primaryimage","url":"https:\/\/frontrose.gay\/wp-content\/uploads\/2025\/07\/Ajouter-un-titre-900-x-445-px7.png","contentUrl":"https:\/\/frontrose.gay\/wp-content\/uploads\/2025\/07\/Ajouter-un-titre-900-x-445-px7.png","width":900,"height":445},{"@type":"BreadcrumbList","@id":"https:\/\/frontrose.gay\/fierte-montreal-ne-nous-represente-pas\/#breadcrumb","itemListElement":[{"@type":"ListItem","position":1,"name":"Home","item":"https:\/\/frontrose.gay\/"},{"@type":"ListItem","position":2,"name":"Fiert\u00e9 Montr\u00e9al ne nous repr\u00e9sente pas"}]},{"@type":"WebSite","@id":"https:\/\/frontrose.gay\/#website","url":"https:\/\/frontrose.gay\/","name":"Front Rose","description":"Front Rose n&#039;est pas un magazine de lifestyle queer","publisher":{"@id":"https:\/\/frontrose.gay\/#organization"},"alternateName":"frontrose","potentialAction":[{"@type":"SearchAction","target":{"@type":"EntryPoint","urlTemplate":"https:\/\/frontrose.gay\/?s={search_term_string}"},"query-input":{"@type":"PropertyValueSpecification","valueRequired":true,"valueName":"search_term_string"}}],"inLanguage":"en-CA"},{"@type":"Organization","@id":"https:\/\/frontrose.gay\/#organization","name":"Front Rose","alternateName":"frontrose","url":"https:\/\/frontrose.gay\/","logo":{"@type":"ImageObject","inLanguage":"en-CA","@id":"https:\/\/frontrose.gay\/#\/schema\/logo\/image\/","url":"https:\/\/frontrose.gay\/wp-content\/uploads\/2025\/02\/cropped-cropped-cropped-cropped-frontrose_logo_web-2.png","contentUrl":"https:\/\/frontrose.gay\/wp-content\/uploads\/2025\/02\/cropped-cropped-cropped-cropped-frontrose_logo_web-2.png","width":958,"height":196,"caption":"Front Rose"},"image":{"@id":"https:\/\/frontrose.gay\/#\/schema\/logo\/image\/"}},{"@type":"Person","@id":"https:\/\/frontrose.gay\/#\/schema\/person\/03179793fd56c0e243a42f079e94e9cb","name":"Front Rose","image":{"@type":"ImageObject","inLanguage":"en-CA","@id":"https:\/\/frontrose.gay\/#\/schema\/person\/image\/","url":"https:\/\/secure.gravatar.com\/avatar\/538a2f1aa4c43ebe553db8c07e2bfc5bdfca24c2817d2fd416ffe336cb23e0c1?s=96&d=blank&r=g","contentUrl":"https:\/\/secure.gravatar.com\/avatar\/538a2f1aa4c43ebe553db8c07e2bfc5bdfca24c2817d2fd416ffe336cb23e0c1?s=96&d=blank&r=g","caption":"Front Rose"},"sameAs":["http:\/\/frontrose.gay"],"url":"https:\/\/frontrose.gay\/en\/author\/douxdoux\/"}]}},"jetpack_featured_media_url":"https:\/\/frontrose.gay\/wp-content\/uploads\/2025\/07\/Ajouter-un-titre-900-x-445-px7.png","jetpack_sharing_enabled":true,"_links":{"self":[{"href":"https:\/\/frontrose.gay\/en\/wp-json\/wp\/v2\/posts\/7137","targetHints":{"allow":["GET"]}}],"collection":[{"href":"https:\/\/frontrose.gay\/en\/wp-json\/wp\/v2\/posts"}],"about":[{"href":"https:\/\/frontrose.gay\/en\/wp-json\/wp\/v2\/types\/post"}],"author":[{"embeddable":true,"href":"https:\/\/frontrose.gay\/en\/wp-json\/wp\/v2\/users\/1"}],"replies":[{"embeddable":true,"href":"https:\/\/frontrose.gay\/en\/wp-json\/wp\/v2\/comments?post=7137"}],"version-history":[{"count":5,"href":"https:\/\/frontrose.gay\/en\/wp-json\/wp\/v2\/posts\/7137\/revisions"}],"predecessor-version":[{"id":7143,"href":"https:\/\/frontrose.gay\/en\/wp-json\/wp\/v2\/posts\/7137\/revisions\/7143"}],"wp:featuredmedia":[{"embeddable":true,"href":"https:\/\/frontrose.gay\/en\/wp-json\/wp\/v2\/media\/7138"}],"wp:attachment":[{"href":"https:\/\/frontrose.gay\/en\/wp-json\/wp\/v2\/media?parent=7137"}],"wp:term":[{"taxonomy":"category","embeddable":true,"href":"https:\/\/frontrose.gay\/en\/wp-json\/wp\/v2\/categories?post=7137"},{"taxonomy":"post_tag","embeddable":true,"href":"https:\/\/frontrose.gay\/en\/wp-json\/wp\/v2\/tags?post=7137"}],"curies":[{"name":"wp","href":"https:\/\/api.w.org\/{rel}","templated":true}]}}