{"id":7455,"date":"2026-01-26T15:56:21","date_gmt":"2026-01-26T15:56:21","guid":{"rendered":"https:\/\/frontrose.gay\/?p=7455"},"modified":"2026-01-26T15:57:36","modified_gmt":"2026-01-26T15:57:36","slug":"premier-discours-prononce-a-la-radpride","status":"publish","type":"post","link":"https:\/\/frontrose.gay\/en\/premier-discours-prononce-a-la-radpride\/","title":{"rendered":"Premier discours prononc\u00e9 \u00e0 la RadPride"},"content":{"rendered":"\n<p><em>Ce discours a \u00e9t\u00e9 \u00e9crit puis lu par des militant\u00b7es du P!nk Bloc \u00e0 l&rsquo;occasion de la premi\u00e8re RadPride, en 2023. Nous l&rsquo;avons r\u00e9cup\u00e9r\u00e9 sur le site du groupe pink-bloc.info et l&rsquo;avons sommairement \u00e9dit\u00e9 pour le rendre disponible entre les pages de Front rose. Il repr\u00e9sente pour nous l\u2019incarnation de l\u2019esprit de cet \u00e9v\u00e9nement, devenu un rituel annuel pour les queer r\u00e9volutionnaires. Cette prise de parole articule le caract\u00e8re anti-capitaliste et r\u00e9volutionnaire du mouvement et le rejet de la fiert\u00e9 officielle dans sa forme mercantile, notamment en raison de ses liens avec le monde politique partisan. On y trouve aussi une analyse tactique des moyens d\u2019action que nos communaut\u00e9s doivent ing\u00e9rer \u00e0 leur arsenal pour construire un rapport de force avec celleux qui&nbsp; nous oppressent.<\/em><\/p>\n\n\n\n<p>Pendant l&rsquo;inauguration de Fiert\u00e9 Montr\u00e9al, daddy legault <strong>[le premier ministre Fran\u00e7ois Legault] <\/strong>a encore trouv\u00e9 l\u2019occasion de mettre des paillettes dans ses politiques n\u00e9olib\u00e9rales. Alors que ce gouvernement r\u00e9actionnaire ose prendre de longues minutes pour vanter les m\u00e9rites d\u2019un tourisme rose par lequel soi-disant Montr\u00e9al est reconnue comme une ville \u00ab\u00a0inclusive et vivante qui c\u00e9l\u00e8bre l\u2019ouverture \u00e0 l\u2019autre\u00a0\u00bb, il nous para\u00eet important de rappeler que ce sont ces m\u00eames charognards qui continuent d\u2019expulser les r\u00e9fugi\u00e9\u00b7es (voir les luttes en cours men\u00e9es par Solidarit\u00e9 Sans Fronti\u00e8res, notamment celle contre la d\u00e9portation de Rajvinder Kaur et Randhir Singh <strong>[deux migrants alors vis\u00e9s par des efforts de d\u00e9portation qui purent rester au pays gr\u00e2ce aux efforts de mobilisation d\u00e9crits ici]<\/strong>) et de donner les pleins pouvoir aux proprios. Le nouveau projet de loi 31 de la CAQ en est un bon exemple\u00a0: en renfor\u00e7ant le pouvoir des proprios et en limitant le recours aux cessions de bail, ce gouvernement de banlieusards, d\u2019hommes d\u2019affaires, de patriarches et d\u2019h\u00e9t\u00e9ros pousse \u00a0nos adelphes \u00e0 la rue, o\u00f9 nos communaut\u00e9s sont drastiquement surrepr\u00e9sent\u00e9es. On sait que la pauvret\u00e9 et la discrimination pour l&rsquo;acc\u00e8s au logement sont des fl\u00e9aux pour les anormaux\u00b7les du genre et de la sexualit\u00e9,\u00a0 encore plus lorsqu&rsquo;il s&rsquo;agit des personnes autochtones, des personnes racis\u00e9es et des personnes trans.<\/p>\n\n\n\n<p>Ce que r\u00e9v\u00e8le le discours d\u2019ouverture de Fiert\u00e9 Montr\u00e9al et l\u2019annonce d\u2019une augmentation du budget allou\u00e9 au minist\u00e8re de la lutte contre l\u2019homophobie et la transphobie, c\u2019est l\u2019alliance de classe qui se tisse entre les politicien\u00b7nes et les bourgeois\u00b7es du village. Depuis plusieurs mois, on assiste \u00e0 une v\u00e9ritable campagne de nettoyage de classe dans le village. Les propri\u00e9taires de bar, club et terrasses \u2013 qui&nbsp; font fortune en vendant notre culture communautaire au plus offrant \u2013 exerce une pression sur la ville pour qu&rsquo;elle augmente une pr\u00e9sence polici\u00e8re autoritaire et violente dans le village. Pourquoi ? Pour chasser les itin\u00e9rant\u00b7es qui y font tache, soit les plus marginalis\u00e9\u00b7es de nos communaut\u00e9s, et ce au profit des touristes, des bobos et de la pl\u00e9thore de bourgeois\u00b7es qui ont conquis notre ancien ghetto. Le genre ou la sexualit\u00e9 ne seront jamais un pr\u00e9texte pour prendre le parti des policiers, des patrons et des propri\u00e9taires, qu&rsquo;il soient h\u00e9t\u00e9ros ou gays !<\/p>\n\n\n\n<p>En nous opposant aux violences perp\u00e9tr\u00e9es par la bourgeoisie du village aupr\u00e8s de nos adelphes itin\u00e9rant\u00b7es et travailleur\u00b7ses du sexe, nous nous opposons \u00e9galement \u00e0 la nouvelle id\u00e9ologie victimaire port\u00e9e par la bourgeoisie LGBT+ qui a pour but de s\u00e9parer les violences cish\u00e9t\u00e9rosexistes des r\u00e9alit\u00e9s de classe et de race. Nous refusons de nous laisser berner par la mise en comp\u00e9tition des dominations que la bourgeoisie gay et celleux au pouvoir ass\u00e8nent partout : le discours LGBT mainstream ne peut&nbsp; servir que de pr\u00e9texte et de justification au d\u00e9veloppement de politiques nationalistes, racistes et classistes ! Nous agissons pour une queerness qui articule et combat toutes les oppressions. Parce que la r\u00e9ponse aux queerphobies ne sera jamais l\u2019assimilation au capitalisme, au racisme et \u00e0 l\u2019imp\u00e9rialisme, nous sommes et resterons contre la propri\u00e9t\u00e9 priv\u00e9e, la prison et les fronti\u00e8res. Face \u00e0 la gentrification du village et aux attaques contres nos adelphes itin\u00e9rant\u00b7es, nous serons toujours dans le camp des pauvres, des opprim\u00e9\u00b7es, de toustes celleux qui d\u00e9rangent le bon go\u00fbt de leur syst\u00e8me cish\u00e9t\u00e9ropatriarcal abject.<\/p>\n\n\n\n<p>\u00c0 chaque Fiert\u00e9, nous sommes oblig\u00e9\u00b7es d\u2019assister au show de boucane mercantile d\u00e9guisant un syst\u00e8me ultra violent qui nous harc\u00e8le et nous attaque tous les jours en une collection d\u2019arc-en-ciel et de consommation rose jusqu\u2019\u00e0 l\u2019abus. La machine capitaliste nous aurait-elle fait oublier pourquoi nous nous r\u00e9unissons en juin et en ao\u00fbt ? Avons-nous oubli\u00e9 les raids policiers de Stonewall et du Sex Garage ? Les \u00e9meutes ? Les coups de matraques ? Les viols correctifs ? Les briques et les molotovs ? Avons-nous vraiment oubli\u00e9 les politiques radicales men\u00e9es par les trans de rue racis\u00e9es qui ont rendus possibles les premiers mouvements de lib\u00e9ration ? Comment est-ce que des <em>events<\/em> dont les billets se vendent 50$ honorent-ils Silvia Rivera et Marsha P. Johnson ? Oublient-iels les morts r\u00e9centes de Colorados Springs et d\u2019Orlando ? O\u00f9 \u00e9taient-iels pendant que se multipliaient les attaques fascistes et transphobes \u00e0 \u00ab&nbsp;Sainte-Catherine&nbsp;\u00bb, \u00ab&nbsp;Saguenay&nbsp;\u00bb, \u00ab&nbsp;Qu\u00e9bec&nbsp;\u00bb ou \u00ab&nbsp;Montr\u00e9al&nbsp;\u00bb depuis le printemps ? Le P!nk Bloc y \u00e9tait ! Les anti-capitalistes y \u00e9taient !&nbsp; On n\u2019y a vu ni TD, ni char de la Fiert\u00e9, ni owner de bar, ni slumlord !&nbsp; O\u00f9 \u00e9taient-iels pour faire barrage aux flics qui harcelaient et violentaient nos camarades, surtout nos camarades transf\u00e9minines? Que faisaient-iels lorsque l\u2019une de nos camarades a \u00e9t\u00e9 arr\u00eat\u00e9e par la police dans une manifestation \u00e9cologiste ? Que font-iels maintenant qu\u2019elle est fich\u00e9e et contr\u00f4l\u00e9e par le SPVM ? Depuis quand les fifs, les gouines, les trans et les queerdos aiment la police ? Est-ce que c\u2019est \u00e7a, la soci\u00e9t\u00e9 \u00ab&nbsp;acceptante&nbsp;\u00bb promise par la CAQ et les capitalistes ?<\/p>\n\n\n\n<p>Nous refusons la r\u00e9cup\u00e9ration politique des identit\u00e9s non-cish\u00e9t\u00e9ro au profit d\u2019une campagne \u00e9lectorale r\u00e9actionnaire. Alors que Legault vient d\u2019annoncer l\u2019augmentation du budget de la lutte contre l\u2019homophobie et la transphobie, lui et son arsenal conservateur continuent de donner des grosses poign\u00e9es de change au r\u00e9seau de haine transphobe PDF Qu\u00e9bec.<\/p>\n\n\n\n<p>Face \u00e0 cette mascarade n\u00e9olib\u00e9rale et r\u00e9actionnaire, refusons en bloc le r\u00e9cit&nbsp; de la tol\u00e9rance LGBT+ et visons directement l\u2019\u00c9tat, la police, les banques et les fachos !<\/p>\n\n\n\n<p>La lib\u00e9ration queer ne peut passer seulement par l\u2019\u00e9v\u00e8nementiel, la culture et les politiques identitaires. Si la f\u00eate est une manifestation de joie, alors les manifs doivent continuer \u00e0 \u00eatre gaiement r\u00e9volutionnaires ! Nous sommes favorables \u00e0 l\u2019action directe queer \u2013 sous toutes ses formes \u2013 car nous refusons de vivre sous un capitalisme cish\u00e9t\u00e9rosexiste et supr\u00e9maciste <strong>[blanc]<\/strong> qui&nbsp; ali\u00e8ne et&nbsp; isole les plus pr\u00e9caires d\u2019entre nous. Parce que la pride n\u2019est pas un festival mais une \u00e9meute ! Parce que la pride n\u2019est pas un d\u00e9fil\u00e9 mais l\u2019\u00e9mulsion collective de nos col\u00e8res ! Parce que nous ne regardons pas les chars mais les br\u00fblons ! Parce que tant que nous vivrons sous le capitalisme, le racisme et le cish\u00e9t\u00e9ropatriarcat, la lutte queer ne sera pas qu\u2019une lutte de d\u00e9fense des droits, elle cherchera aussi \u00e0 abolir l\u2019\u00c9tat. La pride est une manif radicale et le restera !<\/p>\n\n\n\n<p><\/p>\n","protected":false},"excerpt":{"rendered":"<p>Pendant l&rsquo;inauguration de Fiert\u00e9 Montr\u00e9al, daddy legault a encore trouv\u00e9 l\u2019occasion de mettre des paillettes dans ses politiques n\u00e9olib\u00e9rales.<\/p>","protected":false},"author":1,"featured_media":7456,"comment_status":"open","ping_status":"open","sticky":false,"template":"","format":"standard","meta":{"colormag_page_layout":"default_layout","_jetpack_memberships_contains_paid_content":false,"footnotes":""},"categories":[387,356],"tags":[144,343,138,139,342,135,133,312,359],"class_list":["post-7455","post","type-post","status-publish","format-standard","has-post-thumbnail","hentry","category-revue-0","category-revue","tag-fierte-2","tag-francois-legault","tag-front-rose","tag-frontrose","tag-legault","tag-montreal","tag-queer","tag-radpride","tag-trans"],"magazineBlocksPostFeaturedMedia":{"thumbnail":"https:\/\/frontrose.gay\/wp-content\/uploads\/2025\/12\/radpride_banner-1-150x150.png","medium":"https:\/\/frontrose.gay\/wp-content\/uploads\/2025\/12\/radpride_banner-1-300x148.png","medium_large":"https:\/\/frontrose.gay\/wp-content\/uploads\/2025\/12\/radpride_banner-1-768x380.png","large":"https:\/\/frontrose.gay\/wp-content\/uploads\/2025\/12\/radpride_banner-1.png","1536x1536":"https:\/\/frontrose.gay\/wp-content\/uploads\/2025\/12\/radpride_banner-1.png","2048x2048":"https:\/\/frontrose.gay\/wp-content\/uploads\/2025\/12\/radpride_banner-1.png","trp-custom-language-flag":"https:\/\/frontrose.gay\/wp-content\/uploads\/2025\/12\/radpride_banner-1-18x9.png","colormag-highlighted-post":"https:\/\/frontrose.gay\/wp-content\/uploads\/2025\/12\/radpride_banner-1-392x272.png","colormag-featured-post-medium":"https:\/\/frontrose.gay\/wp-content\/uploads\/2025\/12\/radpride_banner-1-390x205.png","colormag-featured-post-small":"https:\/\/frontrose.gay\/wp-content\/uploads\/2025\/12\/radpride_banner-1-130x90.png","colormag-featured-image":"https:\/\/frontrose.gay\/wp-content\/uploads\/2025\/12\/radpride_banner-1-800x445.png","colormag-default-news":"https:\/\/frontrose.gay\/wp-content\/uploads\/2025\/12\/radpride_banner-1-150x150.png","colormag-featured-image-large":"https:\/\/frontrose.gay\/wp-content\/uploads\/2025\/12\/radpride_banner-1.png","colormag-elementor-block-extra-large-thumbnail":"https:\/\/frontrose.gay\/wp-content\/uploads\/2025\/12\/radpride_banner-1.png","colormag-elementor-grid-large-thumbnail":"https:\/\/frontrose.gay\/wp-content\/uploads\/2025\/12\/radpride_banner-1-600x417.png","colormag-elementor-grid-small-thumbnail":"https:\/\/frontrose.gay\/wp-content\/uploads\/2025\/12\/radpride_banner-1-285x445.png","colormag-elementor-grid-medium-large-thumbnail":"https:\/\/frontrose.gay\/wp-content\/uploads\/2025\/12\/radpride_banner-1-575x198.png","mailpoet_newsletter_max":"https:\/\/frontrose.gay\/wp-content\/uploads\/2025\/12\/radpride_banner-1.png"},"magazineBlocksPostAuthor":{"name":"Front Rose","avatar":"https:\/\/secure.gravatar.com\/avatar\/538a2f1aa4c43ebe553db8c07e2bfc5bdfca24c2817d2fd416ffe336cb23e0c1?s=96&d=blank&r=g"},"magazineBlocksPostCommentsNumber":"0","magazineBlocksPostExcerpt":"Pendant l'inauguration de Fiert\u00e9 Montr\u00e9al, daddy legault a encore trouv\u00e9 l\u2019occasion de mettre des paillettes dans ses politiques n\u00e9olib\u00e9rales.","magazineBlocksPostCategories":["\u00c9dition 0","Revue"],"magazineBlocksPostViewCount":413,"magazineBlocksPostReadTime":7,"magazine_blocks_featured_image_url":{"full":["https:\/\/frontrose.gay\/wp-content\/uploads\/2025\/12\/radpride_banner-1.png",900,445,false],"medium":["https:\/\/frontrose.gay\/wp-content\/uploads\/2025\/12\/radpride_banner-1-300x148.png",300,148,true],"thumbnail":["https:\/\/frontrose.gay\/wp-content\/uploads\/2025\/12\/radpride_banner-1-150x150.png",150,150,true]},"magazine_blocks_author":{"display_name":"Front Rose","author_link":"https:\/\/frontrose.gay\/en\/author\/douxdoux\/"},"magazine_blocks_comment":5,"magazine_blocks_author_image":"https:\/\/secure.gravatar.com\/avatar\/538a2f1aa4c43ebe553db8c07e2bfc5bdfca24c2817d2fd416ffe336cb23e0c1?s=96&d=blank&r=g","magazine_blocks_category":"<a href=\"#\" class=\"category-link category-link-387\">\u00c9dition 0<\/a> <a href=\"#\" class=\"category-link category-link-356\">Revue<\/a>","yoast_head":"<!-- This site is optimized with the Yoast SEO plugin v27.0 - https:\/\/yoast.com\/product\/yoast-seo-wordpress\/ -->\n<title>Premier discours prononc\u00e9 \u00e0 la RadPride - Front Rose<\/title>\n<meta name=\"description\" content=\"Premier discours prononc\u00e9 \u00e0 la RadPride. Ce discours a \u00e9t\u00e9 \u00e9crit puis lu par des militant\u00b7es du P!nk Bloc \u00e0 l&#039;occasion de la premi\u00e8re RadPride, en 2023.\" \/>\n<meta name=\"robots\" content=\"index, follow, max-snippet:-1, max-image-preview:large, max-video-preview:-1\" \/>\n<link rel=\"canonical\" href=\"https:\/\/frontrose.gay\/en\/premier-discours-prononce-a-la-radpride\/\" \/>\n<meta property=\"og:locale\" content=\"en_US\" \/>\n<meta property=\"og:type\" content=\"article\" \/>\n<meta property=\"og:title\" content=\"Premier discours prononc\u00e9 \u00e0 la RadPride - Front Rose\" \/>\n<meta property=\"og:description\" content=\"Premier discours prononc\u00e9 \u00e0 la RadPride. Ce discours a \u00e9t\u00e9 \u00e9crit puis lu par des militant\u00b7es du P!nk Bloc \u00e0 l&#039;occasion de la premi\u00e8re RadPride, en 2023.\" \/>\n<meta property=\"og:url\" content=\"https:\/\/frontrose.gay\/en\/premier-discours-prononce-a-la-radpride\/\" \/>\n<meta property=\"og:site_name\" content=\"Front Rose\" \/>\n<meta property=\"article:published_time\" content=\"2026-01-26T15:56:21+00:00\" \/>\n<meta property=\"article:modified_time\" content=\"2026-01-26T15:57:36+00:00\" \/>\n<meta property=\"og:image\" content=\"https:\/\/frontrose.gay\/wp-content\/uploads\/2025\/12\/radpride_banner-1.png\" \/>\n\t<meta property=\"og:image:width\" content=\"900\" \/>\n\t<meta property=\"og:image:height\" content=\"445\" \/>\n\t<meta property=\"og:image:type\" content=\"image\/png\" \/>\n<meta name=\"author\" content=\"Front Rose\" \/>\n<meta name=\"twitter:card\" content=\"summary_large_image\" \/>\n<meta name=\"twitter:label1\" content=\"Written by\" \/>\n\t<meta name=\"twitter:data1\" content=\"Front Rose\" \/>\n\t<meta name=\"twitter:label2\" content=\"Est. reading time\" \/>\n\t<meta name=\"twitter:data2\" content=\"6 minutes\" \/>\n<script type=\"application\/ld+json\" class=\"yoast-schema-graph\">{\"@context\":\"https:\/\/schema.org\",\"@graph\":[{\"@type\":\"Article\",\"@id\":\"https:\/\/frontrose.gay\/premier-discours-prononce-a-la-radpride\/#article\",\"isPartOf\":{\"@id\":\"https:\/\/frontrose.gay\/premier-discours-prononce-a-la-radpride\/\"},\"author\":{\"name\":\"Front Rose\",\"@id\":\"https:\/\/frontrose.gay\/#\/schema\/person\/03179793fd56c0e243a42f079e94e9cb\"},\"headline\":\"Premier discours prononc\u00e9 \u00e0 la RadPride\",\"datePublished\":\"2026-01-26T15:56:21+00:00\",\"dateModified\":\"2026-01-26T15:57:36+00:00\",\"mainEntityOfPage\":{\"@id\":\"https:\/\/frontrose.gay\/premier-discours-prononce-a-la-radpride\/\"},\"wordCount\":1317,\"commentCount\":0,\"publisher\":{\"@id\":\"https:\/\/frontrose.gay\/#organization\"},\"image\":{\"@id\":\"https:\/\/frontrose.gay\/premier-discours-prononce-a-la-radpride\/#primaryimage\"},\"thumbnailUrl\":\"https:\/\/frontrose.gay\/wp-content\/uploads\/2025\/12\/radpride_banner-1.png\",\"keywords\":[\"fiert\u00e9\",\"francois legault\",\"front rose\",\"frontrose\",\"legault\",\"montreal\",\"queer\",\"radpride\",\"trans\"],\"articleSection\":[\"\u00c9dition 0\",\"Revue\"],\"inLanguage\":\"en-CA\",\"potentialAction\":[{\"@type\":\"CommentAction\",\"name\":\"Comment\",\"target\":[\"https:\/\/frontrose.gay\/premier-discours-prononce-a-la-radpride\/#respond\"]}]},{\"@type\":\"WebPage\",\"@id\":\"https:\/\/frontrose.gay\/premier-discours-prononce-a-la-radpride\/\",\"url\":\"https:\/\/frontrose.gay\/premier-discours-prononce-a-la-radpride\/\",\"name\":\"Premier discours prononc\u00e9 \u00e0 la RadPride - Front Rose\",\"isPartOf\":{\"@id\":\"https:\/\/frontrose.gay\/#website\"},\"primaryImageOfPage\":{\"@id\":\"https:\/\/frontrose.gay\/premier-discours-prononce-a-la-radpride\/#primaryimage\"},\"image\":{\"@id\":\"https:\/\/frontrose.gay\/premier-discours-prononce-a-la-radpride\/#primaryimage\"},\"thumbnailUrl\":\"https:\/\/frontrose.gay\/wp-content\/uploads\/2025\/12\/radpride_banner-1.png\",\"datePublished\":\"2026-01-26T15:56:21+00:00\",\"dateModified\":\"2026-01-26T15:57:36+00:00\",\"description\":\"Premier discours prononc\u00e9 \u00e0 la RadPride. Ce discours a \u00e9t\u00e9 \u00e9crit puis lu par des militant\u00b7es du P!nk Bloc \u00e0 l'occasion de la premi\u00e8re RadPride, en 2023.\",\"breadcrumb\":{\"@id\":\"https:\/\/frontrose.gay\/premier-discours-prononce-a-la-radpride\/#breadcrumb\"},\"inLanguage\":\"en-CA\",\"potentialAction\":[{\"@type\":\"ReadAction\",\"target\":[\"https:\/\/frontrose.gay\/premier-discours-prononce-a-la-radpride\/\"]}]},{\"@type\":\"ImageObject\",\"inLanguage\":\"en-CA\",\"@id\":\"https:\/\/frontrose.gay\/premier-discours-prononce-a-la-radpride\/#primaryimage\",\"url\":\"https:\/\/frontrose.gay\/wp-content\/uploads\/2025\/12\/radpride_banner-1.png\",\"contentUrl\":\"https:\/\/frontrose.gay\/wp-content\/uploads\/2025\/12\/radpride_banner-1.png\",\"width\":900,\"height\":445},{\"@type\":\"BreadcrumbList\",\"@id\":\"https:\/\/frontrose.gay\/premier-discours-prononce-a-la-radpride\/#breadcrumb\",\"itemListElement\":[{\"@type\":\"ListItem\",\"position\":1,\"name\":\"Home\",\"item\":\"https:\/\/frontrose.gay\/\"},{\"@type\":\"ListItem\",\"position\":2,\"name\":\"Premier discours prononc\u00e9 \u00e0 la RadPride\"}]},{\"@type\":\"WebSite\",\"@id\":\"https:\/\/frontrose.gay\/#website\",\"url\":\"https:\/\/frontrose.gay\/\",\"name\":\"Front Rose\",\"description\":\"Front Rose n&#039;est pas un magazine de lifestyle queer\",\"publisher\":{\"@id\":\"https:\/\/frontrose.gay\/#organization\"},\"alternateName\":\"frontrose\",\"potentialAction\":[{\"@type\":\"SearchAction\",\"target\":{\"@type\":\"EntryPoint\",\"urlTemplate\":\"https:\/\/frontrose.gay\/?s={search_term_string}\"},\"query-input\":{\"@type\":\"PropertyValueSpecification\",\"valueRequired\":true,\"valueName\":\"search_term_string\"}}],\"inLanguage\":\"en-CA\"},{\"@type\":\"Organization\",\"@id\":\"https:\/\/frontrose.gay\/#organization\",\"name\":\"Front Rose\",\"alternateName\":\"frontrose\",\"url\":\"https:\/\/frontrose.gay\/\",\"logo\":{\"@type\":\"ImageObject\",\"inLanguage\":\"en-CA\",\"@id\":\"https:\/\/frontrose.gay\/#\/schema\/logo\/image\/\",\"url\":\"https:\/\/frontrose.gay\/wp-content\/uploads\/2025\/02\/cropped-cropped-cropped-cropped-frontrose_logo_web-2.png\",\"contentUrl\":\"https:\/\/frontrose.gay\/wp-content\/uploads\/2025\/02\/cropped-cropped-cropped-cropped-frontrose_logo_web-2.png\",\"width\":958,\"height\":196,\"caption\":\"Front Rose\"},\"image\":{\"@id\":\"https:\/\/frontrose.gay\/#\/schema\/logo\/image\/\"}},{\"@type\":\"Person\",\"@id\":\"https:\/\/frontrose.gay\/#\/schema\/person\/03179793fd56c0e243a42f079e94e9cb\",\"name\":\"Front Rose\",\"image\":{\"@type\":\"ImageObject\",\"inLanguage\":\"en-CA\",\"@id\":\"https:\/\/frontrose.gay\/#\/schema\/person\/image\/\",\"url\":\"https:\/\/secure.gravatar.com\/avatar\/538a2f1aa4c43ebe553db8c07e2bfc5bdfca24c2817d2fd416ffe336cb23e0c1?s=96&d=blank&r=g\",\"contentUrl\":\"https:\/\/secure.gravatar.com\/avatar\/538a2f1aa4c43ebe553db8c07e2bfc5bdfca24c2817d2fd416ffe336cb23e0c1?s=96&d=blank&r=g\",\"caption\":\"Front Rose\"},\"sameAs\":[\"http:\/\/frontrose.gay\"],\"url\":\"https:\/\/frontrose.gay\/en\/author\/douxdoux\/\"}]}<\/script>\n<!-- \/ Yoast SEO plugin. -->","yoast_head_json":{"title":"Premier discours prononc\u00e9 \u00e0 la RadPride - Front Rose","description":"Premier discours prononc\u00e9 \u00e0 la RadPride. Ce discours a \u00e9t\u00e9 \u00e9crit puis lu par des militant\u00b7es du P!nk Bloc \u00e0 l'occasion de la premi\u00e8re RadPride, en 2023.","robots":{"index":"index","follow":"follow","max-snippet":"max-snippet:-1","max-image-preview":"max-image-preview:large","max-video-preview":"max-video-preview:-1"},"canonical":"https:\/\/frontrose.gay\/en\/premier-discours-prononce-a-la-radpride\/","og_locale":"en_US","og_type":"article","og_title":"Premier discours prononc\u00e9 \u00e0 la RadPride - Front Rose","og_description":"Premier discours prononc\u00e9 \u00e0 la RadPride. Ce discours a \u00e9t\u00e9 \u00e9crit puis lu par des militant\u00b7es du P!nk Bloc \u00e0 l'occasion de la premi\u00e8re RadPride, en 2023.","og_url":"https:\/\/frontrose.gay\/en\/premier-discours-prononce-a-la-radpride\/","og_site_name":"Front Rose","article_published_time":"2026-01-26T15:56:21+00:00","article_modified_time":"2026-01-26T15:57:36+00:00","og_image":[{"width":900,"height":445,"url":"https:\/\/frontrose.gay\/wp-content\/uploads\/2025\/12\/radpride_banner-1.png","type":"image\/png"}],"author":"Front Rose","twitter_card":"summary_large_image","twitter_misc":{"Written by":"Front Rose","Est. reading time":"6 minutes"},"schema":{"@context":"https:\/\/schema.org","@graph":[{"@type":"Article","@id":"https:\/\/frontrose.gay\/premier-discours-prononce-a-la-radpride\/#article","isPartOf":{"@id":"https:\/\/frontrose.gay\/premier-discours-prononce-a-la-radpride\/"},"author":{"name":"Front Rose","@id":"https:\/\/frontrose.gay\/#\/schema\/person\/03179793fd56c0e243a42f079e94e9cb"},"headline":"Premier discours prononc\u00e9 \u00e0 la RadPride","datePublished":"2026-01-26T15:56:21+00:00","dateModified":"2026-01-26T15:57:36+00:00","mainEntityOfPage":{"@id":"https:\/\/frontrose.gay\/premier-discours-prononce-a-la-radpride\/"},"wordCount":1317,"commentCount":0,"publisher":{"@id":"https:\/\/frontrose.gay\/#organization"},"image":{"@id":"https:\/\/frontrose.gay\/premier-discours-prononce-a-la-radpride\/#primaryimage"},"thumbnailUrl":"https:\/\/frontrose.gay\/wp-content\/uploads\/2025\/12\/radpride_banner-1.png","keywords":["fiert\u00e9","francois legault","front rose","frontrose","legault","montreal","queer","radpride","trans"],"articleSection":["\u00c9dition 0","Revue"],"inLanguage":"en-CA","potentialAction":[{"@type":"CommentAction","name":"Comment","target":["https:\/\/frontrose.gay\/premier-discours-prononce-a-la-radpride\/#respond"]}]},{"@type":"WebPage","@id":"https:\/\/frontrose.gay\/premier-discours-prononce-a-la-radpride\/","url":"https:\/\/frontrose.gay\/premier-discours-prononce-a-la-radpride\/","name":"Premier discours prononc\u00e9 \u00e0 la RadPride - Front Rose","isPartOf":{"@id":"https:\/\/frontrose.gay\/#website"},"primaryImageOfPage":{"@id":"https:\/\/frontrose.gay\/premier-discours-prononce-a-la-radpride\/#primaryimage"},"image":{"@id":"https:\/\/frontrose.gay\/premier-discours-prononce-a-la-radpride\/#primaryimage"},"thumbnailUrl":"https:\/\/frontrose.gay\/wp-content\/uploads\/2025\/12\/radpride_banner-1.png","datePublished":"2026-01-26T15:56:21+00:00","dateModified":"2026-01-26T15:57:36+00:00","description":"Premier discours prononc\u00e9 \u00e0 la RadPride. Ce discours a \u00e9t\u00e9 \u00e9crit puis lu par des militant\u00b7es du P!nk Bloc \u00e0 l'occasion de la premi\u00e8re RadPride, en 2023.","breadcrumb":{"@id":"https:\/\/frontrose.gay\/premier-discours-prononce-a-la-radpride\/#breadcrumb"},"inLanguage":"en-CA","potentialAction":[{"@type":"ReadAction","target":["https:\/\/frontrose.gay\/premier-discours-prononce-a-la-radpride\/"]}]},{"@type":"ImageObject","inLanguage":"en-CA","@id":"https:\/\/frontrose.gay\/premier-discours-prononce-a-la-radpride\/#primaryimage","url":"https:\/\/frontrose.gay\/wp-content\/uploads\/2025\/12\/radpride_banner-1.png","contentUrl":"https:\/\/frontrose.gay\/wp-content\/uploads\/2025\/12\/radpride_banner-1.png","width":900,"height":445},{"@type":"BreadcrumbList","@id":"https:\/\/frontrose.gay\/premier-discours-prononce-a-la-radpride\/#breadcrumb","itemListElement":[{"@type":"ListItem","position":1,"name":"Home","item":"https:\/\/frontrose.gay\/"},{"@type":"ListItem","position":2,"name":"Premier discours prononc\u00e9 \u00e0 la RadPride"}]},{"@type":"WebSite","@id":"https:\/\/frontrose.gay\/#website","url":"https:\/\/frontrose.gay\/","name":"Front Rose","description":"Front Rose n&#039;est pas un magazine de lifestyle queer","publisher":{"@id":"https:\/\/frontrose.gay\/#organization"},"alternateName":"frontrose","potentialAction":[{"@type":"SearchAction","target":{"@type":"EntryPoint","urlTemplate":"https:\/\/frontrose.gay\/?s={search_term_string}"},"query-input":{"@type":"PropertyValueSpecification","valueRequired":true,"valueName":"search_term_string"}}],"inLanguage":"en-CA"},{"@type":"Organization","@id":"https:\/\/frontrose.gay\/#organization","name":"Front Rose","alternateName":"frontrose","url":"https:\/\/frontrose.gay\/","logo":{"@type":"ImageObject","inLanguage":"en-CA","@id":"https:\/\/frontrose.gay\/#\/schema\/logo\/image\/","url":"https:\/\/frontrose.gay\/wp-content\/uploads\/2025\/02\/cropped-cropped-cropped-cropped-frontrose_logo_web-2.png","contentUrl":"https:\/\/frontrose.gay\/wp-content\/uploads\/2025\/02\/cropped-cropped-cropped-cropped-frontrose_logo_web-2.png","width":958,"height":196,"caption":"Front Rose"},"image":{"@id":"https:\/\/frontrose.gay\/#\/schema\/logo\/image\/"}},{"@type":"Person","@id":"https:\/\/frontrose.gay\/#\/schema\/person\/03179793fd56c0e243a42f079e94e9cb","name":"Front Rose","image":{"@type":"ImageObject","inLanguage":"en-CA","@id":"https:\/\/frontrose.gay\/#\/schema\/person\/image\/","url":"https:\/\/secure.gravatar.com\/avatar\/538a2f1aa4c43ebe553db8c07e2bfc5bdfca24c2817d2fd416ffe336cb23e0c1?s=96&d=blank&r=g","contentUrl":"https:\/\/secure.gravatar.com\/avatar\/538a2f1aa4c43ebe553db8c07e2bfc5bdfca24c2817d2fd416ffe336cb23e0c1?s=96&d=blank&r=g","caption":"Front Rose"},"sameAs":["http:\/\/frontrose.gay"],"url":"https:\/\/frontrose.gay\/en\/author\/douxdoux\/"}]}},"jetpack_featured_media_url":"https:\/\/frontrose.gay\/wp-content\/uploads\/2025\/12\/radpride_banner-1.png","jetpack_sharing_enabled":true,"_links":{"self":[{"href":"https:\/\/frontrose.gay\/en\/wp-json\/wp\/v2\/posts\/7455","targetHints":{"allow":["GET"]}}],"collection":[{"href":"https:\/\/frontrose.gay\/en\/wp-json\/wp\/v2\/posts"}],"about":[{"href":"https:\/\/frontrose.gay\/en\/wp-json\/wp\/v2\/types\/post"}],"author":[{"embeddable":true,"href":"https:\/\/frontrose.gay\/en\/wp-json\/wp\/v2\/users\/1"}],"replies":[{"embeddable":true,"href":"https:\/\/frontrose.gay\/en\/wp-json\/wp\/v2\/comments?post=7455"}],"version-history":[{"count":2,"href":"https:\/\/frontrose.gay\/en\/wp-json\/wp\/v2\/posts\/7455\/revisions"}],"predecessor-version":[{"id":7562,"href":"https:\/\/frontrose.gay\/en\/wp-json\/wp\/v2\/posts\/7455\/revisions\/7562"}],"wp:featuredmedia":[{"embeddable":true,"href":"https:\/\/frontrose.gay\/en\/wp-json\/wp\/v2\/media\/7456"}],"wp:attachment":[{"href":"https:\/\/frontrose.gay\/en\/wp-json\/wp\/v2\/media?parent=7455"}],"wp:term":[{"taxonomy":"category","embeddable":true,"href":"https:\/\/frontrose.gay\/en\/wp-json\/wp\/v2\/categories?post=7455"},{"taxonomy":"post_tag","embeddable":true,"href":"https:\/\/frontrose.gay\/en\/wp-json\/wp\/v2\/tags?post=7455"}],"curies":[{"name":"wp","href":"https:\/\/api.w.org\/{rel}","templated":true}]}}