{"id":8,"date":"2024-08-16T17:12:39","date_gmt":"2024-08-16T17:12:39","guid":{"rendered":"https:\/\/frontrose.gay\/?p=8"},"modified":"2025-02-20T13:02:16","modified_gmt":"2025-02-20T13:02:16","slug":"les-fiertes-sous-la-loupe-du-regard-militant","status":"publish","type":"post","link":"https:\/\/frontrose.gay\/en\/les-fiertes-sous-la-loupe-du-regard-militant\/","title":{"rendered":"Pride from an activist perspective"},"content":{"rendered":"<p>*This article was written before the Trans March took place and may contain information that has passed its date.<\/p>\n\n\n\n<p>Criticism has been pouring in from all sides in recent weeks against the Fiert\u00e9 Montr\u00e9al festival Festival (which organizes the Pride Parade, among other events) and the organization of the annual Trans March. There seems to be a certain amount of surprise and confusion about all this. So let's try to clear it up in this first Front Rose article. Let's understand what these two entities are and what has led several groups to denounce them.<\/p>\n\n\n\n<p>Let's start with the giant that is Fiert\u00e9. Its website states its \u201cmission\u201d.<\/p>\n\n\n\n<pre class=\"wp-block-code\" style=\"border-style:none;border-width:0px\"><code>Fiert\u00e9 Montr\u00e9al amplifies the voices of the 2SLGBTQIA+ communities to ensure their representation, inclusion and recognition of their rights in society.<\/code><\/pre>\n\n\n\n<p>Behind this vague organizational language, let's look at the facts: since 2007, Fiert\u00e9 has been the heir to Divers\/cit\u00e9, which in 2006 decided to redefine itself as an arts and culture festival. The Divers\/cit\u00e9 festival itself had emerged in the wake of the mobilizations that followed the violent police raid on the Sex Garage in 1990. Fiert\u00e9 follows in this line of reclaiming the community's political mobilizations as a cultural celebration. And now, the depoliticization of LGBTQ+ struggles has gone much further. Fiert\u00e9 is essentially an \u201cLGBT\u201d culture festival.<\/p>\n\n\n\n<p>Fiert\u00e9 Montr\u00e9al has never been a political project, and neither the annual Pride marches to celebrate the community's gains nor the disembodied demands listed on its website change that. The festival functions like all Montreal capitalist festivals, seeking above all to maximize attendance and the size of its annual budget. This is the central paradigm of its business: performance and visibility. A logic that doesn't prevent it from lending its visibility and legitimacy as a \u201cvoice of the community\u201d to capitalist and oppressive institutions, notably those involved in the ongoing genocide in Palestine. This is what we call PINKWASHING. The TD Bank, the gay Zionist group Ga'ava, Tel Aviv Tourism, and others will be at this year's parade.<\/p>\n\n\n\n<p>The police, the political class and various daily oppressors of our communities will also be in the parade. Fiert\u00e9 hasn't changed a thing this year compared to previous years, it's people's consciousness that's changing. Fiert\u00e9 has always been an accomplice to horror and associated with institutions whose hands are stained with blood. So why are the denunciations coming this year? The horror of the genocide in Palestine, the bombardment of atrocious images on the networks, the size that the mobilizations have taken on and the involvement of many LGBT community groups\/individuals in them make it impossible to ignore Pride's material complicity with the Zionist project, or its place in the Israeli propaganda machine. Community organizations, activist groups, political organizations, collectives, artists, unions and others called for a boycott of the parade or withdrew from it.<\/p>\n\n\n\n<p>Others called for critical and vocal participation in the parade to force the subject of Palestine into the march. Elsewhere, parades were blocked or disrupted, as in Victoria where activists blocked the TD float (often specifically targeted given the millions invested in the arms industry) and, in so doing, interrupted the parade. This apparently led to TD's withdrawal from the Halifax parade, for fear that the action would be repeated. The case for Pride is clear, and has been for a long time. This institution only serves the artists big enough to perform there, the corporations who find it a veneer of gay-friendliness, village businesses and the city's image, but it has never won anything for our communities. Let's hope the criticism continues in the years to come! It's past time to revolt against this farce of representation.<\/p>\n\n\n\n<p>The case of the Trans March is very different. The trans march was created as an activist initiative. This annual march was launched in 2014 and carried, for most of its history, by the euphorie dans le genre collective (a collective with the aim of promoting the rights and well-being of trans and gender-diverse people). In 2014, the simple act of bringing the trans community together and demanding a public voice symbolized a combative initiative in the face of the tactics employed by trans circles at the time. Since then, and despite some serious work on the part of activists, the trans march seems more and more to resemble a simple parade of the trans community. This tradition seems to have crystallized and is having difficulty adapting to the changes of the moment. But that's not what caused the criticism, not directly.<\/p>\n\n\n\n<p>Information on the situation within the organization of the 2024 march is coming out in dribs and drabs. What is known at the moment is that some of the organizers have blocked efforts to put forward the Palestinian question within the march. One was reported to have made overtly racist remarks about the Palestinian community. In the end, this situation prompted some of the organizers to leave the march. So what are we to make of this situation? The question of racism on the part of some of the organizers is clearly central to this, but it's not enough to explain why this logic was able to prevail within the organization. Would the apoliticization of the trans march explain more broadly how this came about?<\/p>\n\n\n\n<p>We shouldn't be too surprised that a demonstration linked to many trans organizations, generally very wary of engaging in political efforts beyond their immediate mission, didn't quickly and clearly support the Palestinian cause. The trans march has failed to adapt to the politicization and radicalization of a large section of the community, which is rapidly acquiring a political consciousness through recent struggles. It remains to be seen whether this historically important march will be updated and repoliticized. That said, there is much to celebrate in the many groups who have spoken out in the face of the situation, and in the mobilization of an anti-capitalist and anti-colonialist contingent that promises to be large this year. Let's hope we are witnessing the beginning of something, and of course, long live free Palestine!<\/p>","protected":false},"excerpt":{"rendered":"<p>*This article was written before the Trans March took place and may contain information that has passed its date.<\/p>","protected":false},"author":1,"featured_media":47,"comment_status":"open","ping_status":"open","sticky":false,"template":"","format":"standard","meta":{"colormag_page_layout":"no_sidebar_content_centered","_jetpack_memberships_contains_paid_content":false,"footnotes":""},"categories":[114,108,110],"tags":[134,129,136,135,132,133],"class_list":["post-8","post","type-post","status-publish","format-standard","has-post-thumbnail","hentry","category-actualite","category-lutte","category-reseaux-sociaux","tag-fierte","tag-israel","tag-marche-trans","tag-montreal","tag-palestine","tag-queer"],"magazineBlocksPostFeaturedMedia":{"thumbnail":"https:\/\/frontrose.gay\/wp-content\/uploads\/2025\/02\/fierte-150x150.jpeg","medium":"https:\/\/frontrose.gay\/wp-content\/uploads\/2025\/02\/fierte-300x167.jpeg","medium_large":"https:\/\/frontrose.gay\/wp-content\/uploads\/2025\/02\/fierte-768x427.jpeg","large":"https:\/\/frontrose.gay\/wp-content\/uploads\/2025\/02\/fierte.jpeg","1536x1536":"https:\/\/frontrose.gay\/wp-content\/uploads\/2025\/02\/fierte.jpeg","2048x2048":"https:\/\/frontrose.gay\/wp-content\/uploads\/2025\/02\/fierte.jpeg","trp-custom-language-flag":"https:\/\/frontrose.gay\/wp-content\/uploads\/2025\/02\/fierte.jpeg","colormag-highlighted-post":"https:\/\/frontrose.gay\/wp-content\/uploads\/2025\/02\/fierte-392x272.jpeg","colormag-featured-post-medium":"https:\/\/frontrose.gay\/wp-content\/uploads\/2025\/02\/fierte-390x205.jpeg","colormag-featured-post-small":"https:\/\/frontrose.gay\/wp-content\/uploads\/2025\/02\/fierte-130x90.jpeg","colormag-featured-image":"https:\/\/frontrose.gay\/wp-content\/uploads\/2025\/02\/fierte.jpeg","colormag-default-news":"https:\/\/frontrose.gay\/wp-content\/uploads\/2025\/02\/fierte-150x150.jpeg","colormag-featured-image-large":"https:\/\/frontrose.gay\/wp-content\/uploads\/2025\/02\/fierte.jpeg","colormag-elementor-block-extra-large-thumbnail":"https:\/\/frontrose.gay\/wp-content\/uploads\/2025\/02\/fierte.jpeg","colormag-elementor-grid-large-thumbnail":"https:\/\/frontrose.gay\/wp-content\/uploads\/2025\/02\/fierte.jpeg","colormag-elementor-grid-small-thumbnail":"https:\/\/frontrose.gay\/wp-content\/uploads\/2025\/02\/fierte.jpeg","colormag-elementor-grid-medium-large-thumbnail":"https:\/\/frontrose.gay\/wp-content\/uploads\/2025\/02\/fierte.jpeg","mailpoet_newsletter_max":"https:\/\/frontrose.gay\/wp-content\/uploads\/2025\/02\/fierte.jpeg"},"magazineBlocksPostAuthor":{"name":"Front Rose","avatar":"https:\/\/secure.gravatar.com\/avatar\/538a2f1aa4c43ebe553db8c07e2bfc5bdfca24c2817d2fd416ffe336cb23e0c1?s=96&d=blank&r=g"},"magazineBlocksPostCommentsNumber":"0","magazineBlocksPostExcerpt":"*Cet article a \u00e9t\u00e9 r\u00e9dig\u00e9 avant la tenue de la marche trans et pourrait contenir des informations pass\u00e9es date. Les","magazineBlocksPostCategories":["Actualit\u00e9","Lutte","R\u00e9seaux sociaux"],"magazineBlocksPostViewCount":1110,"magazineBlocksPostReadTime":6,"magazine_blocks_featured_image_url":{"full":["https:\/\/frontrose.gay\/wp-content\/uploads\/2025\/02\/fierte.jpeg",800,445,false],"medium":["https:\/\/frontrose.gay\/wp-content\/uploads\/2025\/02\/fierte-300x167.jpeg",300,167,true],"thumbnail":["https:\/\/frontrose.gay\/wp-content\/uploads\/2025\/02\/fierte-150x150.jpeg",150,150,true]},"magazine_blocks_author":{"display_name":"Front Rose","author_link":"https:\/\/frontrose.gay\/en\/author\/douxdoux\/"},"magazine_blocks_comment":3,"magazine_blocks_author_image":"https:\/\/secure.gravatar.com\/avatar\/538a2f1aa4c43ebe553db8c07e2bfc5bdfca24c2817d2fd416ffe336cb23e0c1?s=96&d=blank&r=g","magazine_blocks_category":"<a href=\"#\" class=\"category-link category-link-114\">Actualit\u00e9<\/a> <a href=\"#\" class=\"category-link category-link-108\">Lutte<\/a> <a href=\"#\" class=\"category-link category-link-110\">R\u00e9seaux sociaux<\/a>","yoast_head":"<!-- This site is optimized with the Yoast SEO plugin v27.0 - https:\/\/yoast.com\/product\/yoast-seo-wordpress\/ -->\n<title>Les fiert\u00e9s sous la loupe du regard militant - Front Rose<\/title>\n<meta name=\"robots\" content=\"index, follow, max-snippet:-1, max-image-preview:large, max-video-preview:-1\" \/>\n<link rel=\"canonical\" href=\"https:\/\/frontrose.gay\/en\/les-fiertes-sous-la-loupe-du-regard-militant\/\" \/>\n<meta property=\"og:locale\" content=\"en_US\" \/>\n<meta property=\"og:type\" content=\"article\" \/>\n<meta property=\"og:title\" content=\"Les fiert\u00e9s sous la loupe du regard militant - Front Rose\" \/>\n<meta property=\"og:description\" content=\"*Cet article a \u00e9t\u00e9 r\u00e9dig\u00e9 avant la tenue de la marche trans et pourrait contenir des informations pass\u00e9es date. Les\" \/>\n<meta property=\"og:url\" content=\"https:\/\/frontrose.gay\/en\/les-fiertes-sous-la-loupe-du-regard-militant\/\" \/>\n<meta property=\"og:site_name\" content=\"Front Rose\" \/>\n<meta property=\"article:published_time\" content=\"2024-08-16T17:12:39+00:00\" \/>\n<meta property=\"article:modified_time\" content=\"2025-02-20T13:02:16+00:00\" \/>\n<meta property=\"og:image\" content=\"https:\/\/frontrose.gay\/wp-content\/uploads\/2025\/02\/fierte.jpeg\" \/>\n\t<meta property=\"og:image:width\" content=\"800\" \/>\n\t<meta property=\"og:image:height\" content=\"445\" \/>\n\t<meta property=\"og:image:type\" content=\"image\/jpeg\" \/>\n<meta name=\"author\" content=\"Front Rose\" \/>\n<meta name=\"twitter:card\" content=\"summary_large_image\" \/>\n<meta name=\"twitter:label1\" content=\"Written by\" \/>\n\t<meta name=\"twitter:data1\" content=\"Front Rose\" \/>\n\t<meta name=\"twitter:label2\" content=\"Est. reading time\" \/>\n\t<meta name=\"twitter:data2\" content=\"6 minutes\" \/>\n<script type=\"application\/ld+json\" class=\"yoast-schema-graph\">{\"@context\":\"https:\/\/schema.org\",\"@graph\":[{\"@type\":\"Article\",\"@id\":\"https:\/\/frontrose.gay\/les-fiertes-sous-la-loupe-du-regard-militant\/#article\",\"isPartOf\":{\"@id\":\"https:\/\/frontrose.gay\/les-fiertes-sous-la-loupe-du-regard-militant\/\"},\"author\":{\"name\":\"Front Rose\",\"@id\":\"https:\/\/frontrose.gay\/#\/schema\/person\/03179793fd56c0e243a42f079e94e9cb\"},\"headline\":\"Les fiert\u00e9s sous la loupe du regard militant\",\"datePublished\":\"2024-08-16T17:12:39+00:00\",\"dateModified\":\"2025-02-20T13:02:16+00:00\",\"mainEntityOfPage\":{\"@id\":\"https:\/\/frontrose.gay\/les-fiertes-sous-la-loupe-du-regard-militant\/\"},\"wordCount\":1173,\"commentCount\":0,\"publisher\":{\"@id\":\"https:\/\/frontrose.gay\/#organization\"},\"image\":{\"@id\":\"https:\/\/frontrose.gay\/les-fiertes-sous-la-loupe-du-regard-militant\/#primaryimage\"},\"thumbnailUrl\":\"https:\/\/frontrose.gay\/wp-content\/uploads\/2025\/02\/fierte.jpeg\",\"keywords\":[\"fierte\",\"israel\",\"marche trans\",\"montreal\",\"palestine\",\"queer\"],\"articleSection\":[\"Actualit\u00e9\",\"Lutte\",\"R\u00e9seaux sociaux\"],\"inLanguage\":\"en-CA\",\"potentialAction\":[{\"@type\":\"CommentAction\",\"name\":\"Comment\",\"target\":[\"https:\/\/frontrose.gay\/les-fiertes-sous-la-loupe-du-regard-militant\/#respond\"]}]},{\"@type\":\"WebPage\",\"@id\":\"https:\/\/frontrose.gay\/les-fiertes-sous-la-loupe-du-regard-militant\/\",\"url\":\"https:\/\/frontrose.gay\/les-fiertes-sous-la-loupe-du-regard-militant\/\",\"name\":\"Les fiert\u00e9s sous la loupe du regard militant - Front Rose\",\"isPartOf\":{\"@id\":\"https:\/\/frontrose.gay\/#website\"},\"primaryImageOfPage\":{\"@id\":\"https:\/\/frontrose.gay\/les-fiertes-sous-la-loupe-du-regard-militant\/#primaryimage\"},\"image\":{\"@id\":\"https:\/\/frontrose.gay\/les-fiertes-sous-la-loupe-du-regard-militant\/#primaryimage\"},\"thumbnailUrl\":\"https:\/\/frontrose.gay\/wp-content\/uploads\/2025\/02\/fierte.jpeg\",\"datePublished\":\"2024-08-16T17:12:39+00:00\",\"dateModified\":\"2025-02-20T13:02:16+00:00\",\"breadcrumb\":{\"@id\":\"https:\/\/frontrose.gay\/les-fiertes-sous-la-loupe-du-regard-militant\/#breadcrumb\"},\"inLanguage\":\"en-CA\",\"potentialAction\":[{\"@type\":\"ReadAction\",\"target\":[\"https:\/\/frontrose.gay\/les-fiertes-sous-la-loupe-du-regard-militant\/\"]}]},{\"@type\":\"ImageObject\",\"inLanguage\":\"en-CA\",\"@id\":\"https:\/\/frontrose.gay\/les-fiertes-sous-la-loupe-du-regard-militant\/#primaryimage\",\"url\":\"https:\/\/frontrose.gay\/wp-content\/uploads\/2025\/02\/fierte.jpeg\",\"contentUrl\":\"https:\/\/frontrose.gay\/wp-content\/uploads\/2025\/02\/fierte.jpeg\",\"width\":800,\"height\":445},{\"@type\":\"BreadcrumbList\",\"@id\":\"https:\/\/frontrose.gay\/les-fiertes-sous-la-loupe-du-regard-militant\/#breadcrumb\",\"itemListElement\":[{\"@type\":\"ListItem\",\"position\":1,\"name\":\"Home\",\"item\":\"https:\/\/frontrose.gay\/\"},{\"@type\":\"ListItem\",\"position\":2,\"name\":\"Les fiert\u00e9s sous la loupe du regard militant\"}]},{\"@type\":\"WebSite\",\"@id\":\"https:\/\/frontrose.gay\/#website\",\"url\":\"https:\/\/frontrose.gay\/\",\"name\":\"Front Rose\",\"description\":\"Front Rose n&#039;est pas un magazine de lifestyle queer\",\"publisher\":{\"@id\":\"https:\/\/frontrose.gay\/#organization\"},\"alternateName\":\"frontrose\",\"potentialAction\":[{\"@type\":\"SearchAction\",\"target\":{\"@type\":\"EntryPoint\",\"urlTemplate\":\"https:\/\/frontrose.gay\/?s={search_term_string}\"},\"query-input\":{\"@type\":\"PropertyValueSpecification\",\"valueRequired\":true,\"valueName\":\"search_term_string\"}}],\"inLanguage\":\"en-CA\"},{\"@type\":\"Organization\",\"@id\":\"https:\/\/frontrose.gay\/#organization\",\"name\":\"Front Rose\",\"alternateName\":\"frontrose\",\"url\":\"https:\/\/frontrose.gay\/\",\"logo\":{\"@type\":\"ImageObject\",\"inLanguage\":\"en-CA\",\"@id\":\"https:\/\/frontrose.gay\/#\/schema\/logo\/image\/\",\"url\":\"https:\/\/frontrose.gay\/wp-content\/uploads\/2025\/02\/cropped-cropped-cropped-cropped-frontrose_logo_web-2.png\",\"contentUrl\":\"https:\/\/frontrose.gay\/wp-content\/uploads\/2025\/02\/cropped-cropped-cropped-cropped-frontrose_logo_web-2.png\",\"width\":958,\"height\":196,\"caption\":\"Front Rose\"},\"image\":{\"@id\":\"https:\/\/frontrose.gay\/#\/schema\/logo\/image\/\"}},{\"@type\":\"Person\",\"@id\":\"https:\/\/frontrose.gay\/#\/schema\/person\/03179793fd56c0e243a42f079e94e9cb\",\"name\":\"Front Rose\",\"image\":{\"@type\":\"ImageObject\",\"inLanguage\":\"en-CA\",\"@id\":\"https:\/\/frontrose.gay\/#\/schema\/person\/image\/\",\"url\":\"https:\/\/secure.gravatar.com\/avatar\/538a2f1aa4c43ebe553db8c07e2bfc5bdfca24c2817d2fd416ffe336cb23e0c1?s=96&d=blank&r=g\",\"contentUrl\":\"https:\/\/secure.gravatar.com\/avatar\/538a2f1aa4c43ebe553db8c07e2bfc5bdfca24c2817d2fd416ffe336cb23e0c1?s=96&d=blank&r=g\",\"caption\":\"Front Rose\"},\"sameAs\":[\"http:\/\/frontrose.gay\"],\"url\":\"https:\/\/frontrose.gay\/en\/author\/douxdoux\/\"}]}<\/script>\n<!-- \/ Yoast SEO plugin. -->","yoast_head_json":{"title":"Les fiert\u00e9s sous la loupe du regard militant - Front Rose","robots":{"index":"index","follow":"follow","max-snippet":"max-snippet:-1","max-image-preview":"max-image-preview:large","max-video-preview":"max-video-preview:-1"},"canonical":"https:\/\/frontrose.gay\/en\/les-fiertes-sous-la-loupe-du-regard-militant\/","og_locale":"en_US","og_type":"article","og_title":"Les fiert\u00e9s sous la loupe du regard militant - Front Rose","og_description":"*Cet article a \u00e9t\u00e9 r\u00e9dig\u00e9 avant la tenue de la marche trans et pourrait contenir des informations pass\u00e9es date. Les","og_url":"https:\/\/frontrose.gay\/en\/les-fiertes-sous-la-loupe-du-regard-militant\/","og_site_name":"Front Rose","article_published_time":"2024-08-16T17:12:39+00:00","article_modified_time":"2025-02-20T13:02:16+00:00","og_image":[{"width":800,"height":445,"url":"https:\/\/frontrose.gay\/wp-content\/uploads\/2025\/02\/fierte.jpeg","type":"image\/jpeg"}],"author":"Front Rose","twitter_card":"summary_large_image","twitter_misc":{"Written by":"Front Rose","Est. reading time":"6 minutes"},"schema":{"@context":"https:\/\/schema.org","@graph":[{"@type":"Article","@id":"https:\/\/frontrose.gay\/les-fiertes-sous-la-loupe-du-regard-militant\/#article","isPartOf":{"@id":"https:\/\/frontrose.gay\/les-fiertes-sous-la-loupe-du-regard-militant\/"},"author":{"name":"Front Rose","@id":"https:\/\/frontrose.gay\/#\/schema\/person\/03179793fd56c0e243a42f079e94e9cb"},"headline":"Les fiert\u00e9s sous la loupe du regard militant","datePublished":"2024-08-16T17:12:39+00:00","dateModified":"2025-02-20T13:02:16+00:00","mainEntityOfPage":{"@id":"https:\/\/frontrose.gay\/les-fiertes-sous-la-loupe-du-regard-militant\/"},"wordCount":1173,"commentCount":0,"publisher":{"@id":"https:\/\/frontrose.gay\/#organization"},"image":{"@id":"https:\/\/frontrose.gay\/les-fiertes-sous-la-loupe-du-regard-militant\/#primaryimage"},"thumbnailUrl":"https:\/\/frontrose.gay\/wp-content\/uploads\/2025\/02\/fierte.jpeg","keywords":["fierte","israel","marche trans","montreal","palestine","queer"],"articleSection":["Actualit\u00e9","Lutte","R\u00e9seaux sociaux"],"inLanguage":"en-CA","potentialAction":[{"@type":"CommentAction","name":"Comment","target":["https:\/\/frontrose.gay\/les-fiertes-sous-la-loupe-du-regard-militant\/#respond"]}]},{"@type":"WebPage","@id":"https:\/\/frontrose.gay\/les-fiertes-sous-la-loupe-du-regard-militant\/","url":"https:\/\/frontrose.gay\/les-fiertes-sous-la-loupe-du-regard-militant\/","name":"Les fiert\u00e9s sous la loupe du regard militant - Front Rose","isPartOf":{"@id":"https:\/\/frontrose.gay\/#website"},"primaryImageOfPage":{"@id":"https:\/\/frontrose.gay\/les-fiertes-sous-la-loupe-du-regard-militant\/#primaryimage"},"image":{"@id":"https:\/\/frontrose.gay\/les-fiertes-sous-la-loupe-du-regard-militant\/#primaryimage"},"thumbnailUrl":"https:\/\/frontrose.gay\/wp-content\/uploads\/2025\/02\/fierte.jpeg","datePublished":"2024-08-16T17:12:39+00:00","dateModified":"2025-02-20T13:02:16+00:00","breadcrumb":{"@id":"https:\/\/frontrose.gay\/les-fiertes-sous-la-loupe-du-regard-militant\/#breadcrumb"},"inLanguage":"en-CA","potentialAction":[{"@type":"ReadAction","target":["https:\/\/frontrose.gay\/les-fiertes-sous-la-loupe-du-regard-militant\/"]}]},{"@type":"ImageObject","inLanguage":"en-CA","@id":"https:\/\/frontrose.gay\/les-fiertes-sous-la-loupe-du-regard-militant\/#primaryimage","url":"https:\/\/frontrose.gay\/wp-content\/uploads\/2025\/02\/fierte.jpeg","contentUrl":"https:\/\/frontrose.gay\/wp-content\/uploads\/2025\/02\/fierte.jpeg","width":800,"height":445},{"@type":"BreadcrumbList","@id":"https:\/\/frontrose.gay\/les-fiertes-sous-la-loupe-du-regard-militant\/#breadcrumb","itemListElement":[{"@type":"ListItem","position":1,"name":"Home","item":"https:\/\/frontrose.gay\/"},{"@type":"ListItem","position":2,"name":"Les fiert\u00e9s sous la loupe du regard militant"}]},{"@type":"WebSite","@id":"https:\/\/frontrose.gay\/#website","url":"https:\/\/frontrose.gay\/","name":"Front Rose","description":"Front Rose n&#039;est pas un magazine de lifestyle queer","publisher":{"@id":"https:\/\/frontrose.gay\/#organization"},"alternateName":"frontrose","potentialAction":[{"@type":"SearchAction","target":{"@type":"EntryPoint","urlTemplate":"https:\/\/frontrose.gay\/?s={search_term_string}"},"query-input":{"@type":"PropertyValueSpecification","valueRequired":true,"valueName":"search_term_string"}}],"inLanguage":"en-CA"},{"@type":"Organization","@id":"https:\/\/frontrose.gay\/#organization","name":"Front Rose","alternateName":"frontrose","url":"https:\/\/frontrose.gay\/","logo":{"@type":"ImageObject","inLanguage":"en-CA","@id":"https:\/\/frontrose.gay\/#\/schema\/logo\/image\/","url":"https:\/\/frontrose.gay\/wp-content\/uploads\/2025\/02\/cropped-cropped-cropped-cropped-frontrose_logo_web-2.png","contentUrl":"https:\/\/frontrose.gay\/wp-content\/uploads\/2025\/02\/cropped-cropped-cropped-cropped-frontrose_logo_web-2.png","width":958,"height":196,"caption":"Front Rose"},"image":{"@id":"https:\/\/frontrose.gay\/#\/schema\/logo\/image\/"}},{"@type":"Person","@id":"https:\/\/frontrose.gay\/#\/schema\/person\/03179793fd56c0e243a42f079e94e9cb","name":"Front Rose","image":{"@type":"ImageObject","inLanguage":"en-CA","@id":"https:\/\/frontrose.gay\/#\/schema\/person\/image\/","url":"https:\/\/secure.gravatar.com\/avatar\/538a2f1aa4c43ebe553db8c07e2bfc5bdfca24c2817d2fd416ffe336cb23e0c1?s=96&d=blank&r=g","contentUrl":"https:\/\/secure.gravatar.com\/avatar\/538a2f1aa4c43ebe553db8c07e2bfc5bdfca24c2817d2fd416ffe336cb23e0c1?s=96&d=blank&r=g","caption":"Front Rose"},"sameAs":["http:\/\/frontrose.gay"],"url":"https:\/\/frontrose.gay\/en\/author\/douxdoux\/"}]}},"jetpack_featured_media_url":"https:\/\/frontrose.gay\/wp-content\/uploads\/2025\/02\/fierte.jpeg","jetpack_sharing_enabled":true,"_links":{"self":[{"href":"https:\/\/frontrose.gay\/en\/wp-json\/wp\/v2\/posts\/8","targetHints":{"allow":["GET"]}}],"collection":[{"href":"https:\/\/frontrose.gay\/en\/wp-json\/wp\/v2\/posts"}],"about":[{"href":"https:\/\/frontrose.gay\/en\/wp-json\/wp\/v2\/types\/post"}],"author":[{"embeddable":true,"href":"https:\/\/frontrose.gay\/en\/wp-json\/wp\/v2\/users\/1"}],"replies":[{"embeddable":true,"href":"https:\/\/frontrose.gay\/en\/wp-json\/wp\/v2\/comments?post=8"}],"version-history":[{"count":6,"href":"https:\/\/frontrose.gay\/en\/wp-json\/wp\/v2\/posts\/8\/revisions"}],"predecessor-version":[{"id":6143,"href":"https:\/\/frontrose.gay\/en\/wp-json\/wp\/v2\/posts\/8\/revisions\/6143"}],"wp:featuredmedia":[{"embeddable":true,"href":"https:\/\/frontrose.gay\/en\/wp-json\/wp\/v2\/media\/47"}],"wp:attachment":[{"href":"https:\/\/frontrose.gay\/en\/wp-json\/wp\/v2\/media?parent=8"}],"wp:term":[{"taxonomy":"category","embeddable":true,"href":"https:\/\/frontrose.gay\/en\/wp-json\/wp\/v2\/categories?post=8"},{"taxonomy":"post_tag","embeddable":true,"href":"https:\/\/frontrose.gay\/en\/wp-json\/wp\/v2\/tags?post=8"}],"curies":[{"name":"wp","href":"https:\/\/api.w.org\/{rel}","templated":true}]}}